{"id":6008,"date":"2018-05-17T08:25:30","date_gmt":"2018-05-17T06:25:30","guid":{"rendered":"http:\/\/blog.liesdoch.de\/?p=6008"},"modified":"2018-05-17T08:25:30","modified_gmt":"2018-05-17T06:25:30","slug":"verrueckt-nach-garten-ideen-und-erfahrungen-kreativer-gaertner","status":"publish","type":"post","link":"https:\/\/blog.liesdoch.de\/?p=6008","title":{"rendered":"Verr\u00fcckt nach Garten. Ideen und Erfahrungen kreativer G\u00e4rtner"},"content":{"rendered":"<p>&nbsp;<\/p>\n<p>&nbsp;<\/p>\n<p>&nbsp;<\/p>\n<p><a href=\"http:\/\/blog.liesdoch.de\/wp-content\/uploads\/2018\/05\/50248600z.jpg\"><img loading=\"lazy\" decoding=\"async\" class=\"alignnone size-medium wp-image-6009\" src=\"http:\/\/blog.liesdoch.de\/wp-content\/uploads\/2018\/05\/50248600z-243x300.jpg\" alt=\"\" width=\"243\" height=\"300\" srcset=\"https:\/\/blog.liesdoch.de\/wp-content\/uploads\/2018\/05\/50248600z-243x300.jpg 243w, https:\/\/blog.liesdoch.de\/wp-content\/uploads\/2018\/05\/50248600z.jpg 385w\" sizes=\"auto, (max-width: 243px) 100vw, 243px\" \/><\/a><\/p>\n<p>Manfred Lucenz, Klaus Bender, Verr\u00fcckt nach Garten. Ideen und Erfahrungen kreativer G\u00e4rtner, Callwey 2018, ISBN 978-3-7667-2345-1<\/p>\n<p>&nbsp;<\/p>\n<p>Es gibt unz\u00e4hlige, meist gro\u00dfz\u00fcgig als volumin\u00f6se Bildb\u00e4nde ausgestatte B\u00fccher \u00fcber mehr oder weniger ber\u00fchmte G\u00e4rten und Gartenanlagen. Das ist f\u00fcr den Garten \u2013 und Naturfreund zum Anbschau8en sch\u00f6n, bringt ihm aber meist recht wenig f\u00fcr die Gestaltung und die Pflege seines eigenen meist sehr\u00a0 viel kleineren Gartens oder Grundst\u00fccks.<\/p>\n<p>&nbsp;<\/p>\n<p>Das ist bei dem vorliegenden Buch aus dem Callwey Verlag anders.<\/p>\n<p>Es vereint, mit wunderbaren Fotos von Marion Nickig, den jahrelangen Erfahrungsschatz der beiden Autoren Manfred Lucenz und Klaus Bender sowie zahlreicher leidenschaftlicher G\u00e4rtner und zeigt an praktischen Beispielen alles, was man wissen muss, um mit Freude und Erfolg auch unter schwierigeren Gartenbedingungen zu g\u00e4rtnern.<\/p>\n<p>&nbsp;<\/p>\n<p>Zehn G\u00e4rten mit unterschiedlicher Biografie (d.h. Alter und Gestaltungsver\u00e4nderungen) vermitteln dem Leser eine Vielzahl von Informationen, aber auch kleine Gartentricks erfahrener Mitg\u00e4rtner. Obwohl die vorgestellten G\u00e4rten zum gro\u00dfen Teil park\u00e4hnliche gro\u00dfe Fl\u00e4chen haben, k\u00f6nnen Ausschnitte davon auch in kleineren G\u00e4rten etwa in der Stadt oder in den fl\u00e4chenarmen Neubaugebieten auf dem Land sehr wohl praktisch umgesetzt werden.<\/p>\n<p>Jeder Leser wird in diesem sch\u00f6nen Buch Inspirationen f\u00fcr eigene Planungen oder konkrete L\u00f6sungen finden, und hat dabei mit der Liste der Pflanzenempfehlungen dabei eine gro\u00dfe Hilfe.<\/p>\n<p>&nbsp;<\/p>\n","protected":false},"excerpt":{"rendered":"<p>&nbsp; &nbsp; &nbsp; Manfred Lucenz, Klaus Bender, Verr\u00fcckt nach Garten. Ideen und Erfahrungen kreativer G\u00e4rtner, Callwey 2018, ISBN 978-3-7667-2345-1 &nbsp; Es gibt unz\u00e4hlige, meist gro\u00dfz\u00fcgig als volumin\u00f6se Bildb\u00e4nde ausgestatte B\u00fccher \u00fcber mehr oder weniger ber\u00fchmte G\u00e4rten und Gartenanlagen. Das ist f\u00fcr den Garten \u2013 und Naturfreund zum Anbschau8en sch\u00f6n, bringt ihm aber meist recht wenig &hellip; <a href=\"https:\/\/blog.liesdoch.de\/?p=6008\" class=\"more-link\"><span class=\"screen-reader-text\">Verr\u00fcckt nach Garten. Ideen und Erfahrungen kreativer G\u00e4rtner<\/span> weiterlesen <span class=\"meta-nav\">&rarr;<\/span><\/a><\/p>\n","protected":false},"author":6,"featured_media":0,"comment_status":"closed","ping_status":"open","sticky":false,"template":"","format":"standard","meta":{"footnotes":""},"categories":[1],"tags":[],"class_list":["post-6008","post","type-post","status-publish","format-standard","hentry","category-allgemein"],"_links":{"self":[{"href":"https:\/\/blog.liesdoch.de\/index.php?rest_route=\/wp\/v2\/posts\/6008","targetHints":{"allow":["GET"]}}],"collection":[{"href":"https:\/\/blog.liesdoch.de\/index.php?rest_route=\/wp\/v2\/posts"}],"about":[{"href":"https:\/\/blog.liesdoch.de\/index.php?rest_route=\/wp\/v2\/types\/post"}],"author":[{"embeddable":true,"href":"https:\/\/blog.liesdoch.de\/index.php?rest_route=\/wp\/v2\/users\/6"}],"replies":[{"embeddable":true,"href":"https:\/\/blog.liesdoch.de\/index.php?rest_route=%2Fwp%2Fv2%2Fcomments&post=6008"}],"version-history":[{"count":1,"href":"https:\/\/blog.liesdoch.de\/index.php?rest_route=\/wp\/v2\/posts\/6008\/revisions"}],"predecessor-version":[{"id":6010,"href":"https:\/\/blog.liesdoch.de\/index.php?rest_route=\/wp\/v2\/posts\/6008\/revisions\/6010"}],"wp:attachment":[{"href":"https:\/\/blog.liesdoch.de\/index.php?rest_route=%2Fwp%2Fv2%2Fmedia&parent=6008"}],"wp:term":[{"taxonomy":"category","embeddable":true,"href":"https:\/\/blog.liesdoch.de\/index.php?rest_route=%2Fwp%2Fv2%2Fcategories&post=6008"},{"taxonomy":"post_tag","embeddable":true,"href":"https:\/\/blog.liesdoch.de\/index.php?rest_route=%2Fwp%2Fv2%2Ftags&post=6008"}],"curies":[{"name":"wp","href":"https:\/\/api.w.org\/{rel}","templated":true}]}}