{"id":6017,"date":"2018-05-17T08:27:27","date_gmt":"2018-05-17T06:27:27","guid":{"rendered":"http:\/\/blog.liesdoch.de\/?p=6017"},"modified":"2018-05-17T08:27:27","modified_gmt":"2018-05-17T06:27:27","slug":"deutsch-nicht-dumpf-ein-leitfaden-fuer-aufgeklaerte-patrioten","status":"publish","type":"post","link":"https:\/\/blog.liesdoch.de\/?p=6017","title":{"rendered":"deutsch, nicht dumpf. Ein  Leitfaden f\u00fcr aufgekl\u00e4rte Patrioten"},"content":{"rendered":"<p>&nbsp;<\/p>\n<p>&nbsp;<\/p>\n<p><a href=\"http:\/\/blog.liesdoch.de\/wp-content\/uploads\/2018\/05\/49962582z.jpg\"><img loading=\"lazy\" decoding=\"async\" class=\"alignnone size-medium wp-image-6018\" src=\"http:\/\/blog.liesdoch.de\/wp-content\/uploads\/2018\/05\/49962582z-188x300.jpg\" alt=\"\" width=\"188\" height=\"300\" srcset=\"https:\/\/blog.liesdoch.de\/wp-content\/uploads\/2018\/05\/49962582z-188x300.jpg 188w, https:\/\/blog.liesdoch.de\/wp-content\/uploads\/2018\/05\/49962582z.jpg 298w\" sizes=\"auto, (max-width: 188px) 100vw, 188px\" \/><\/a><\/p>\n<p>Thea Dorn, deutsch, nicht dumpf. Ein\u00a0 Leitfaden f\u00fcr aufgekl\u00e4rte Patrioten, Knaus Verlag 2018, ISBN 978-3-8135-0810-9<\/p>\n<p>&nbsp;<\/p>\n<p>Schon in ihrem damals zusammen mit Richard Wagner verfassten Buch unter dem Titel \u201eDie deutsche Seele\u201c hat Thea Dorn dar\u00fcber nachgedacht, ob man heutzutage \u00fcberhaupt \u00f6ffentlich sagen darf, etwas sei \u00bbdeutsch\u00ab oder \u00bbtypisch deutsch\u00ab? Kann man sich mit dem Deutschsein heute endlich vers\u00f6hnen? Man muss es sogar, meinten Thea Dorn und Richard Wagner damals, lange vor den AfD-Zeiten. Sie versp\u00fcrten eine gro\u00dfe Sehnsucht danach, das eigene Land wirklich kennen zu lernen, und machten Inventur in den Best\u00e4nden der deutschen Seele. Ihr Buch war eine erkenntnisreiche und unterhaltsame Reise an die Wurzeln unseres nationalen Erbes und ging durchaus ans Eingemachte.<\/p>\n<p>&nbsp;<\/p>\n<p>Mittlerweile durch ihre Zugeh\u00f6rigkeit zum Literarischen Quartett auch einem gro\u00dfen Publikum bekannt, hat Thea Dorn in den vergangenen Jahren diese Position in vielen \u00f6ffentlichen Debatten, Talkshows und Texten immer wieder vertreten und sich immer dabei jeweils von den Positionen der AfD auf der einen und denen der Linken und Gr\u00fcnen etwa auf der anderen Seite abgegrenzt.<\/p>\n<p>&nbsp;<\/p>\n<p>Da sie findet, man d\u00fcrfe kontroverse Themen wie Heimat, Leitkultur, Nation nicht den Rechten \u00fcberlassen, hat sie ein neues Buch verfasst mit dem Titel \u201edeutsch, nicht dumpf\u201c. Ein \u201eLeitfaden f\u00fcr aufgekl\u00e4rte Patrioten\u201c soll es sein.<\/p>\n<p>Ja, einen aufgekl\u00e4rten Patriotismus h\u00e4lt sie f\u00fcr genauso m\u00f6glich wie n\u00f6tig. Der Auftritt der AfD und anderer hat die Frage, ob die Rede von Heimat und Patriotismus nicht letztlich dazu f\u00fchren wird, dass neuer Chauvinismus, Rassismus und Nationalismus eine Renaissance erfahren. Oder ist es nicht so, wie Thea Dorn und immer mehr andere, die sich in die rechte Ecke stellen lassen wollen, deutlich machen, dass in Zeiten von Migration und Globalisierung das Beharren auf unseren kulturellen und historischen gewachsenen Besonderheiten die Bedingung daf\u00fcr ist, dass wir jene Liberalit\u00e4t und Zivilit\u00e4t\u00a0 bewahren k\u00f6nnen, auf die Deutschland seit langem wirklich stolz sein kann?<\/p>\n<p>Im neuen Buch, das ein leidenschaftliches Pl\u00e4doyer f\u00fcr den Nationalstaat ist und gleichzeitig eine Absage an den \u201ep\u00f6belnden Muffhaufen, der Ressentiments sch\u00fcrt\u201c. Sie grenzt sich Thea Dorn gegen\u00fcber Rechten gleicherma\u00dfen ab wie gegen\u00fcber denen, bei dem Stichwort \u201eNation\u201c nur in alten, l\u00e4ngst \u00fcberholten linken Reflexen verharren. In einem Gespr\u00e4ch mit dem Deutschlandfunk sagt die Philosophin:\u00a0 &#8222;Ich glaube, es muss uns gelingen, eine positive Identit\u00e4t, einen positiven Bezug zu diesem Land zu finden. Was nat\u00fcrlich nicht hei\u00dft, dass jemals relativiert werden darf, was dieses Land an Verbrechen auf dem Kerbholz hat. Aber ich glaube, dass der Gr\u00fcndungsmythos der Bundesrepublik, dass man seine Identit\u00e4t einzig daraus bezieht, zu sagen: &#8218;Nie wieder die Verbrechen!&#8216; &#8211; Das reicht alleine nicht.&#8220;<\/p>\n<p>&nbsp;<\/p>\n<p>Sie bef\u00fcrchtet, dass sich immer mehr Menschen aus dem b\u00fcrgerlich-liberalen Milieu Positionen zuwenden, wie sie die AfD vertritt oder wie sie abgeschw\u00e4cht, aber doch sehr kritikw\u00fcrdig, Henryk M. Broder und viele andere Intellektuelle in der j\u00fcngsten \u201eErkl\u00e4rung 2018\u201c vertreten, die das gr\u00f6\u00dfte Problem in\u00a0 der massenhaften Zuwanderung sehen.<\/p>\n<p>&nbsp;<\/p>\n<p>Ihr lesenswerter Leitfaden positioniert sich dazwischen, pl\u00e4diert f\u00fcr einen aufgekl\u00e4rten Patriotismus (\u00e4hnlich wie in letzter Zeit etwa Robert Habeck von den Gr\u00fcnen) und ist deshalb ein sehr wichtiger Beitrag in der gegenw\u00e4rtigen kulturellen Debatte in unserem Land.<\/p>\n<p>&nbsp;<\/p>\n<p>&nbsp;<\/p>\n<p>&nbsp;<\/p>\n<p>&nbsp;<\/p>\n<p>&nbsp;<\/p>\n<p>&nbsp;<\/p>\n","protected":false},"excerpt":{"rendered":"<p>&nbsp; &nbsp; Thea Dorn, deutsch, nicht dumpf. Ein\u00a0 Leitfaden f\u00fcr aufgekl\u00e4rte Patrioten, Knaus Verlag 2018, ISBN 978-3-8135-0810-9 &nbsp; Schon in ihrem damals zusammen mit Richard Wagner verfassten Buch unter dem Titel \u201eDie deutsche Seele\u201c hat Thea Dorn dar\u00fcber nachgedacht, ob man heutzutage \u00fcberhaupt \u00f6ffentlich sagen darf, etwas sei \u00bbdeutsch\u00ab oder \u00bbtypisch deutsch\u00ab? Kann man sich &hellip; <a href=\"https:\/\/blog.liesdoch.de\/?p=6017\" class=\"more-link\"><span class=\"screen-reader-text\">deutsch, nicht dumpf. Ein  Leitfaden f\u00fcr aufgekl\u00e4rte Patrioten<\/span> weiterlesen <span class=\"meta-nav\">&rarr;<\/span><\/a><\/p>\n","protected":false},"author":6,"featured_media":0,"comment_status":"closed","ping_status":"open","sticky":false,"template":"","format":"standard","meta":{"footnotes":""},"categories":[1],"tags":[],"class_list":["post-6017","post","type-post","status-publish","format-standard","hentry","category-allgemein"],"_links":{"self":[{"href":"https:\/\/blog.liesdoch.de\/index.php?rest_route=\/wp\/v2\/posts\/6017","targetHints":{"allow":["GET"]}}],"collection":[{"href":"https:\/\/blog.liesdoch.de\/index.php?rest_route=\/wp\/v2\/posts"}],"about":[{"href":"https:\/\/blog.liesdoch.de\/index.php?rest_route=\/wp\/v2\/types\/post"}],"author":[{"embeddable":true,"href":"https:\/\/blog.liesdoch.de\/index.php?rest_route=\/wp\/v2\/users\/6"}],"replies":[{"embeddable":true,"href":"https:\/\/blog.liesdoch.de\/index.php?rest_route=%2Fwp%2Fv2%2Fcomments&post=6017"}],"version-history":[{"count":1,"href":"https:\/\/blog.liesdoch.de\/index.php?rest_route=\/wp\/v2\/posts\/6017\/revisions"}],"predecessor-version":[{"id":6019,"href":"https:\/\/blog.liesdoch.de\/index.php?rest_route=\/wp\/v2\/posts\/6017\/revisions\/6019"}],"wp:attachment":[{"href":"https:\/\/blog.liesdoch.de\/index.php?rest_route=%2Fwp%2Fv2%2Fmedia&parent=6017"}],"wp:term":[{"taxonomy":"category","embeddable":true,"href":"https:\/\/blog.liesdoch.de\/index.php?rest_route=%2Fwp%2Fv2%2Fcategories&post=6017"},{"taxonomy":"post_tag","embeddable":true,"href":"https:\/\/blog.liesdoch.de\/index.php?rest_route=%2Fwp%2Fv2%2Ftags&post=6017"}],"curies":[{"name":"wp","href":"https:\/\/api.w.org\/{rel}","templated":true}]}}