{"id":6023,"date":"2018-05-17T08:28:54","date_gmt":"2018-05-17T06:28:54","guid":{"rendered":"http:\/\/blog.liesdoch.de\/?p=6023"},"modified":"2018-05-17T08:28:54","modified_gmt":"2018-05-17T06:28:54","slug":"deine-wuerde-entscheidet","status":"publish","type":"post","link":"https:\/\/blog.liesdoch.de\/?p=6023","title":{"rendered":"Deine W\u00fcrde entscheidet"},"content":{"rendered":"<p>&nbsp;<\/p>\n<p><a href=\"http:\/\/blog.liesdoch.de\/wp-content\/uploads\/2018\/05\/49896829z.jpg\"><img loading=\"lazy\" decoding=\"async\" class=\"alignnone size-medium wp-image-6024\" src=\"http:\/\/blog.liesdoch.de\/wp-content\/uploads\/2018\/05\/49896829z-191x300.jpg\" alt=\"\" width=\"191\" height=\"300\" srcset=\"https:\/\/blog.liesdoch.de\/wp-content\/uploads\/2018\/05\/49896829z-191x300.jpg 191w, https:\/\/blog.liesdoch.de\/wp-content\/uploads\/2018\/05\/49896829z.jpg 302w\" sizes=\"auto, (max-width: 191px) 100vw, 191px\" \/><\/a><\/p>\n<p>Udo Baer, Gabriele Frick-Baer, Deine W\u00fcrde entscheidet, Beltz Verlag 2018, ISBN 978-3-407-86508-3<\/p>\n<p>&nbsp;<\/p>\n<p>Jeder Mensch kennt dieses Gef\u00fchl bzw. diesen Zustand und erlebt ihn mehr oder weniger oft. Manche leiden sogar t\u00e4glich daran. Es geht um Fragen und Situationen im Leben und im Alltag, wo Entscheidungen gefordert sind. Soll ich diese oder jene Arbeit noch machen, oder mir lieber die n\u00f6tige Ruhe g\u00f6nnen? Darf ich auch mal mir Zeit f\u00fcr mich nehmen oder gehen die Bed\u00fcrfnisse der Kinder immer vor? Soll ich zur Arbeit gehen, obwohl mich echt krank f\u00fchle?<\/p>\n<p>Oder, schwerwiegender: soll ich meine Ehe oder Beziehung endlich beenden und gehen, oder wegen der Kinder bleiben?\u00a0 Soll ich mich gegen meinen unversch\u00e4mten Chef wehren, oder ist die Angst um meinen Arbeitsplatz m\u00e4chtiger?<\/p>\n<p>Immer wieder haben Menschen in ihrem Leben wichtige Entscheidungen zu treffen. Was aber, wenn die Antwort auf die Frage: &#8222;Wie soll ich mich entscheiden?&#8220; lautet: &#8222;Ich kann mich nicht entscheiden&#8220;?<\/p>\n<p>Dann kommen die Selbstzweifel und Versagensgef\u00fchle, weil man glaubt, entscheidungsunf\u00e4hig zu sein.<\/p>\n<p>Das erfahrene Autoren- und Therapeutenpaar Udo Baer und Gabriele Frick-Baer kennt diese Fragen auch aus ihrem eigenen Leben und Arbeiten und empfiehlt in ihrem neuen Buch \u201eDeine W\u00fcrde entscheidet\u201c sich in solchen Situationen auf eine von ihnen postulierte innere Instanz zu besinnen, die einem Orientierung geben kann: das eigene W\u00fcrde-Ich.<\/p>\n<p>Diesen Selbstwertkompass tr\u00e4gt jeder Mensch in sich und er ist ma\u00dfgeblich f\u00fcr ein gutes Leben. Mit vielen Anregungen und \u00dcbungen zeigen die Autoren, wie man mit dem Beachten des W\u00fcrde-Ichs sein Selbstwertgef\u00fchl festigen und f\u00fcr sein Leben eine neue Orientierung finden kann.<\/p>\n<p>Zentral ist das Kapitel \u00fcber die W\u00fcrde in der Paarbeziehung. Um eine Beziehung gesund zu erhalten ist es dringend notwendig, die W\u00fcrde und das das W\u00fcrde- Ich des jeweils anderen zu achten und zu pflegen. Dieser N\u00e4hrboden gilt aber auch f\u00fcr jede andere wichtige Beziehung, die wir zu anderen Menschen haben, durchaus auch im beruflichen\u00a0 Bereich.<\/p>\n<p>Es geht darum, die eigene W\u00fcrde und die des Anderen als eine grunds\u00e4tzliche und essenzielle Lebenshaltung zu erlernen und zu praktizieren. Vielleicht k\u00f6nnte damit die Welt ein wenig besser werden, jedenfalls dort, wo ich selbst mich in ihr bewege.<\/p>\n<p>Ich war an vielen Stellen bewegt angesichts der spirituellen Dimension dieser Haltung, die auch in dem dem Buch vorangestellten Satz zu sp\u00fcren ist:<\/p>\n<p>\u201eDas Leben kennt nur zwei Wege:<\/p>\n<p>Der eine f\u00fchrt ins Paradies, der andere in die H\u00f6lle.<\/p>\n<p>Doch sie kreuzen sich an vielen Stellen.\u201c<\/p>\n<p>(Serhij Zhadan \u201eMesopotamien\u201c)<\/p>\n<p>&nbsp;<\/p>\n<p>&nbsp;<\/p>\n<p>&nbsp;<\/p>\n<p>&nbsp;<\/p>\n","protected":false},"excerpt":{"rendered":"<p>&nbsp; Udo Baer, Gabriele Frick-Baer, Deine W\u00fcrde entscheidet, Beltz Verlag 2018, ISBN 978-3-407-86508-3 &nbsp; Jeder Mensch kennt dieses Gef\u00fchl bzw. diesen Zustand und erlebt ihn mehr oder weniger oft. Manche leiden sogar t\u00e4glich daran. Es geht um Fragen und Situationen im Leben und im Alltag, wo Entscheidungen gefordert sind. Soll ich diese oder jene Arbeit &hellip; <a href=\"https:\/\/blog.liesdoch.de\/?p=6023\" class=\"more-link\"><span class=\"screen-reader-text\">Deine W\u00fcrde entscheidet<\/span> weiterlesen <span class=\"meta-nav\">&rarr;<\/span><\/a><\/p>\n","protected":false},"author":6,"featured_media":0,"comment_status":"closed","ping_status":"open","sticky":false,"template":"","format":"standard","meta":{"footnotes":""},"categories":[1],"tags":[],"class_list":["post-6023","post","type-post","status-publish","format-standard","hentry","category-allgemein"],"_links":{"self":[{"href":"https:\/\/blog.liesdoch.de\/index.php?rest_route=\/wp\/v2\/posts\/6023","targetHints":{"allow":["GET"]}}],"collection":[{"href":"https:\/\/blog.liesdoch.de\/index.php?rest_route=\/wp\/v2\/posts"}],"about":[{"href":"https:\/\/blog.liesdoch.de\/index.php?rest_route=\/wp\/v2\/types\/post"}],"author":[{"embeddable":true,"href":"https:\/\/blog.liesdoch.de\/index.php?rest_route=\/wp\/v2\/users\/6"}],"replies":[{"embeddable":true,"href":"https:\/\/blog.liesdoch.de\/index.php?rest_route=%2Fwp%2Fv2%2Fcomments&post=6023"}],"version-history":[{"count":1,"href":"https:\/\/blog.liesdoch.de\/index.php?rest_route=\/wp\/v2\/posts\/6023\/revisions"}],"predecessor-version":[{"id":6025,"href":"https:\/\/blog.liesdoch.de\/index.php?rest_route=\/wp\/v2\/posts\/6023\/revisions\/6025"}],"wp:attachment":[{"href":"https:\/\/blog.liesdoch.de\/index.php?rest_route=%2Fwp%2Fv2%2Fmedia&parent=6023"}],"wp:term":[{"taxonomy":"category","embeddable":true,"href":"https:\/\/blog.liesdoch.de\/index.php?rest_route=%2Fwp%2Fv2%2Fcategories&post=6023"},{"taxonomy":"post_tag","embeddable":true,"href":"https:\/\/blog.liesdoch.de\/index.php?rest_route=%2Fwp%2Fv2%2Ftags&post=6023"}],"curies":[{"name":"wp","href":"https:\/\/api.w.org\/{rel}","templated":true}]}}