{"id":6029,"date":"2018-05-17T08:41:44","date_gmt":"2018-05-17T06:41:44","guid":{"rendered":"http:\/\/blog.liesdoch.de\/?p=6029"},"modified":"2018-05-17T08:41:44","modified_gmt":"2018-05-17T06:41:44","slug":"der-kaefer-auto-biographien","status":"publish","type":"post","link":"https:\/\/blog.liesdoch.de\/?p=6029","title":{"rendered":"Der K\u00e4fer. Auto-Biographien"},"content":{"rendered":"<p>&nbsp;<\/p>\n<p>&nbsp;<\/p>\n<p><a href=\"http:\/\/blog.liesdoch.de\/wp-content\/uploads\/2018\/05\/50346762z.jpg\"><img loading=\"lazy\" decoding=\"async\" class=\"alignnone size-medium wp-image-6030\" src=\"http:\/\/blog.liesdoch.de\/wp-content\/uploads\/2018\/05\/50346762z-239x300.jpg\" alt=\"\" width=\"239\" height=\"300\" srcset=\"https:\/\/blog.liesdoch.de\/wp-content\/uploads\/2018\/05\/50346762z-239x300.jpg 239w, https:\/\/blog.liesdoch.de\/wp-content\/uploads\/2018\/05\/50346762z.jpg 379w\" sizes=\"auto, (max-width: 239px) 100vw, 239px\" \/><\/a><\/p>\n<p>J\u00fcrg Lehmann, Katja Volkmer, Der K\u00e4fer. Auto-Biographien, teNeues 2018, ISBN 978-3-96171-080-5<\/p>\n<p>&nbsp;<\/p>\n<p>J\u00f6rg Lehmann, der als hauptberuflicher Fotograf eigentlich nichts mit Autos zu tun hat, sondern vor allem als Food-Fotograf sich einen Namen machte, ist seit langem fasziniert vom VW-K\u00e4fer, einem Auto, das schon bald nach Beginn seiner massenhaften Produktion zum Kult nicht nur in Deutschland wurde. Kaum ein Auto weckt so viele Emotionen wie der VW K\u00e4fer. Ob es mit ihm zum ersten Rendezvous ging, auf den Sonntagsausflug oder in ferne L\u00e4nder der Buckelporsche ist in den Erinnerungen vieler Menschen so pr\u00e4sent wie in den Jahren, als er noch die R\u00e4nder der Stra\u00dfen s\u00e4umte. Er geh\u00f6rte zur Familie, wurde mit Kosenamen bedacht und fast jeder hat seine eigene Geschichte dar\u00fcber zu erz\u00e4hlen.<\/p>\n<p>&nbsp;<\/p>\n<p>Katja Volkmer hat f\u00fcr dieses Buch vergn\u00fcgliche wie dramatische Geschichten rund um den wahren Volkswagen gesammelt und erz\u00e4hlt sie zu anr\u00fchrenden, skurrilen und kunstvollen Bildern, allesamt aus privaten Fotoalben. Zusammengetragen hat sie Joerg Lehmann \u00fcber Jahre auf Flohm\u00e4rkten und Versteigerungen.<\/p>\n<p>&nbsp;<\/p>\n<p>Als Ergebnis pr\u00e4sentieren die beiden VW-Fanatiker einen fantastischen Bildband, der jeden Fan des VW-K\u00e4fers und seines Kultes begeistern wird. Das Buch eignet sich f\u00fcr alle K\u00e4fer Fans als Geschenk zu allen m\u00f6glichen Anl\u00e4ssen.<\/p>\n<p>Ein Buch, das nicht nur die Geschichte des VW-K\u00e4fers erz\u00e4hlt, sondern mit ihm auch ein St\u00fcck Bundesrepublik.<\/p>\n<p>&nbsp;<\/p>\n<p>.\u201c<\/p>\n","protected":false},"excerpt":{"rendered":"<p>&nbsp; &nbsp; J\u00fcrg Lehmann, Katja Volkmer, Der K\u00e4fer. Auto-Biographien, teNeues 2018, ISBN 978-3-96171-080-5 &nbsp; J\u00f6rg Lehmann, der als hauptberuflicher Fotograf eigentlich nichts mit Autos zu tun hat, sondern vor allem als Food-Fotograf sich einen Namen machte, ist seit langem fasziniert vom VW-K\u00e4fer, einem Auto, das schon bald nach Beginn seiner massenhaften Produktion zum Kult nicht &hellip; <a href=\"https:\/\/blog.liesdoch.de\/?p=6029\" class=\"more-link\"><span class=\"screen-reader-text\">Der K\u00e4fer. Auto-Biographien<\/span> weiterlesen <span class=\"meta-nav\">&rarr;<\/span><\/a><\/p>\n","protected":false},"author":6,"featured_media":0,"comment_status":"closed","ping_status":"open","sticky":false,"template":"","format":"standard","meta":{"footnotes":""},"categories":[1],"tags":[],"class_list":["post-6029","post","type-post","status-publish","format-standard","hentry","category-allgemein"],"_links":{"self":[{"href":"https:\/\/blog.liesdoch.de\/index.php?rest_route=\/wp\/v2\/posts\/6029","targetHints":{"allow":["GET"]}}],"collection":[{"href":"https:\/\/blog.liesdoch.de\/index.php?rest_route=\/wp\/v2\/posts"}],"about":[{"href":"https:\/\/blog.liesdoch.de\/index.php?rest_route=\/wp\/v2\/types\/post"}],"author":[{"embeddable":true,"href":"https:\/\/blog.liesdoch.de\/index.php?rest_route=\/wp\/v2\/users\/6"}],"replies":[{"embeddable":true,"href":"https:\/\/blog.liesdoch.de\/index.php?rest_route=%2Fwp%2Fv2%2Fcomments&post=6029"}],"version-history":[{"count":1,"href":"https:\/\/blog.liesdoch.de\/index.php?rest_route=\/wp\/v2\/posts\/6029\/revisions"}],"predecessor-version":[{"id":6031,"href":"https:\/\/blog.liesdoch.de\/index.php?rest_route=\/wp\/v2\/posts\/6029\/revisions\/6031"}],"wp:attachment":[{"href":"https:\/\/blog.liesdoch.de\/index.php?rest_route=%2Fwp%2Fv2%2Fmedia&parent=6029"}],"wp:term":[{"taxonomy":"category","embeddable":true,"href":"https:\/\/blog.liesdoch.de\/index.php?rest_route=%2Fwp%2Fv2%2Fcategories&post=6029"},{"taxonomy":"post_tag","embeddable":true,"href":"https:\/\/blog.liesdoch.de\/index.php?rest_route=%2Fwp%2Fv2%2Ftags&post=6029"}],"curies":[{"name":"wp","href":"https:\/\/api.w.org\/{rel}","templated":true}]}}