{"id":6039,"date":"2018-05-17T08:44:08","date_gmt":"2018-05-17T06:44:08","guid":{"rendered":"http:\/\/blog.liesdoch.de\/?p=6039"},"modified":"2018-05-17T08:44:08","modified_gmt":"2018-05-17T06:44:08","slug":"die-arroganz-der-macht-hochmut-kommt-vor-dem-fall","status":"publish","type":"post","link":"https:\/\/blog.liesdoch.de\/?p=6039","title":{"rendered":"Die Arroganz der Macht. Hochmut kommt vor dem Fall"},"content":{"rendered":"<p>&nbsp;<\/p>\n<p>&nbsp;<\/p>\n<p><a href=\"http:\/\/blog.liesdoch.de\/wp-content\/uploads\/2018\/05\/50336865z.jpg\"><img loading=\"lazy\" decoding=\"async\" class=\"alignnone size-medium wp-image-6040\" src=\"http:\/\/blog.liesdoch.de\/wp-content\/uploads\/2018\/05\/50336865z-210x300.jpg\" alt=\"\" width=\"210\" height=\"300\" srcset=\"https:\/\/blog.liesdoch.de\/wp-content\/uploads\/2018\/05\/50336865z-210x300.jpg 210w, https:\/\/blog.liesdoch.de\/wp-content\/uploads\/2018\/05\/50336865z.jpg 332w\" sizes=\"auto, (max-width: 210px) 100vw, 210px\" \/><\/a><\/p>\n<p>R\u00fcdiger Voigt, Die Arroganz der Macht. Hochmut kommt vor dem Fall, Tectum 2018,ISBN 978-3-8288-4077-5<\/p>\n<p>&nbsp;<\/p>\n<p>Das Verh\u00e4ltnis zwischen den Politikern und den B\u00fcrgern, die diese gew\u00e4hlt haben (oder auch nicht, immer mehr bleiben frustiert zu Hause) hat sich ver\u00e4ndert. Es ist schwer zu sagen, wann dieser noch nicht zu seinem Ende gekommene Prozess begann, aber dass er an allen Ecken und Enden sp\u00fcrbar ist, ist eine schmerzhafte Erkenntnis f\u00fcr alle, die die Demokratie f\u00fcr die beste Form halten, wie Menschen in einem staatlichen Gemeinwesen zusammenleben.<\/p>\n<p>&nbsp;<\/p>\n<p>Der Staat wird nicht nur autorit\u00e4rer, sondern er bestimmt in zunehmenden Ma\u00dfe immer mehr zuvor absolut private Bereiche seiner B\u00fcrger. Trump, Ungarn, Polen auf der einen Seite, und auf der anderen Seite ein wachsender Unmut, wachsende Entfremdung vom Politischen und eine grobe Ablehnung der Eliten und der repr\u00e4sentativen Demokratie, nicht nur bei Anh\u00e4ngern der AfD.<\/p>\n<p>&nbsp;<\/p>\n<p>Das vorliegende Buch , eine Sammlung von Vortr\u00e4gen und Aufs\u00e4tzen ist ein gelungener Versuch, sich angesichts einer immer un\u00fcbersichtlicheren politischen Lage mit dem begrifflichen Instrumentarium der politischen Theorie Klarheit zu verschaffen, um als Konsequenz daraus f\u00fcr eine Revitalisierung der Demokratie durch B\u00fcrgerengagement zu pl\u00e4dieren.<\/p>\n<p>&nbsp;<\/p>\n<p>Es \u00a0wird deutlich, dass die Arroganz der Herrschenden auch in einer Demokratie immer wieder durchbrechen kann und dass viele zu beobachtende Krisenph\u00e4nomene nicht nur auf die heutige Zeit beschr\u00e4nkt sind. Die Binsenweisheit, dass Hochmut vor dem Fall kommt, kann dabei auch als Aufforderung zu einer Wiederaneignung der Demokratie verstanden werden.<\/p>\n<p>&nbsp;<\/p>\n<p>&nbsp;<\/p>\n<p>&nbsp;<\/p>\n<p>&nbsp;<\/p>\n","protected":false},"excerpt":{"rendered":"<p>&nbsp; &nbsp; R\u00fcdiger Voigt, Die Arroganz der Macht. Hochmut kommt vor dem Fall, Tectum 2018,ISBN 978-3-8288-4077-5 &nbsp; Das Verh\u00e4ltnis zwischen den Politikern und den B\u00fcrgern, die diese gew\u00e4hlt haben (oder auch nicht, immer mehr bleiben frustiert zu Hause) hat sich ver\u00e4ndert. Es ist schwer zu sagen, wann dieser noch nicht zu seinem Ende gekommene Prozess &hellip; <a href=\"https:\/\/blog.liesdoch.de\/?p=6039\" class=\"more-link\"><span class=\"screen-reader-text\">Die Arroganz der Macht. Hochmut kommt vor dem Fall<\/span> weiterlesen <span class=\"meta-nav\">&rarr;<\/span><\/a><\/p>\n","protected":false},"author":6,"featured_media":0,"comment_status":"closed","ping_status":"open","sticky":false,"template":"","format":"standard","meta":{"footnotes":""},"categories":[1],"tags":[],"class_list":["post-6039","post","type-post","status-publish","format-standard","hentry","category-allgemein"],"_links":{"self":[{"href":"https:\/\/blog.liesdoch.de\/index.php?rest_route=\/wp\/v2\/posts\/6039","targetHints":{"allow":["GET"]}}],"collection":[{"href":"https:\/\/blog.liesdoch.de\/index.php?rest_route=\/wp\/v2\/posts"}],"about":[{"href":"https:\/\/blog.liesdoch.de\/index.php?rest_route=\/wp\/v2\/types\/post"}],"author":[{"embeddable":true,"href":"https:\/\/blog.liesdoch.de\/index.php?rest_route=\/wp\/v2\/users\/6"}],"replies":[{"embeddable":true,"href":"https:\/\/blog.liesdoch.de\/index.php?rest_route=%2Fwp%2Fv2%2Fcomments&post=6039"}],"version-history":[{"count":1,"href":"https:\/\/blog.liesdoch.de\/index.php?rest_route=\/wp\/v2\/posts\/6039\/revisions"}],"predecessor-version":[{"id":6041,"href":"https:\/\/blog.liesdoch.de\/index.php?rest_route=\/wp\/v2\/posts\/6039\/revisions\/6041"}],"wp:attachment":[{"href":"https:\/\/blog.liesdoch.de\/index.php?rest_route=%2Fwp%2Fv2%2Fmedia&parent=6039"}],"wp:term":[{"taxonomy":"category","embeddable":true,"href":"https:\/\/blog.liesdoch.de\/index.php?rest_route=%2Fwp%2Fv2%2Fcategories&post=6039"},{"taxonomy":"post_tag","embeddable":true,"href":"https:\/\/blog.liesdoch.de\/index.php?rest_route=%2Fwp%2Fv2%2Ftags&post=6039"}],"curies":[{"name":"wp","href":"https:\/\/api.w.org\/{rel}","templated":true}]}}