{"id":6048,"date":"2018-05-17T08:52:20","date_gmt":"2018-05-17T06:52:20","guid":{"rendered":"http:\/\/blog.liesdoch.de\/?p=6048"},"modified":"2018-05-17T08:52:20","modified_gmt":"2018-05-17T06:52:20","slug":"sommernachtstod","status":"publish","type":"post","link":"https:\/\/blog.liesdoch.de\/?p=6048","title":{"rendered":"Sommernachtstod"},"content":{"rendered":"<p>&nbsp;<\/p>\n<p>&nbsp;<\/p>\n<p><a href=\"http:\/\/blog.liesdoch.de\/wp-content\/uploads\/2018\/05\/49932811z.jpg\"><img loading=\"lazy\" decoding=\"async\" class=\"alignnone size-medium wp-image-6049\" src=\"http:\/\/blog.liesdoch.de\/wp-content\/uploads\/2018\/05\/49932811z-193x300.jpg\" alt=\"\" width=\"193\" height=\"300\" srcset=\"https:\/\/blog.liesdoch.de\/wp-content\/uploads\/2018\/05\/49932811z-193x300.jpg 193w, https:\/\/blog.liesdoch.de\/wp-content\/uploads\/2018\/05\/49932811z.jpg 305w\" sizes=\"auto, (max-width: 193px) 100vw, 193px\" \/><\/a><\/p>\n<p>Anders de la Motte. Sommernachtstod, Droemer 2018, ISBN 978-3-42630624-6<\/p>\n<p>&nbsp;<\/p>\n<p>\u00dcber die erste H\u00e4lfte dieses spannenden Kriminalromans aus Schweden, der auf langen Strecken eher wie ein Psychodrama einer vom Schicksal getroffenen Familie und des Dorfes, in dem sie wohnt daherkommt, erz\u00e4hlt Anders de la Motte in zwei Str\u00e4ngen.<\/p>\n<p>Der erste spielt im Sp\u00e4tsommer 1983, als in einem kleinen\u00a0 Dorf in S\u00fcdschweden der 4 Jahre alte kleine Billy verschwindet. Er\u00a0 spielte im Garten, als ihn ein Kaninchen ablenkt, er ihm folgt bis zu einem Zaun und dann pl\u00f6tzlich nicht mehr da ist. Es folgt die Schilderung einer Suche nach diesem Jungen, bei der der \u00f6rtliche Polizeichef Krister Mansson die Leitung \u00fcbernommen hat. Auch als nach einiger Zeit ihm zwei Kriminalpolizisten aus der Stadt vor die Nase gesetzt werden, gibt es keine brauchbaren Ergebnisse. Der im Dorf unbeliebte Tommy Rooth wird verd\u00e4chtigt, doch man kann ihm nichts nachweisen. Billys Mutter wird depressiv und nachdem sie aus der psychiatrischen Klinik entlassen wird, geht sie aufs Eis und ertrinkt.<\/p>\n<p>Schon direkt nach dem Prolog, in dem Billy verschwindet, f\u00fcgt Anders de la Motte lange sehr unverst\u00e4ndlich und kryptisch bleibende Brieffragmente ein &#8211; Absender und Adressat unbekannt. Sie bleiben bis zum Ende des spannenden Romans, der eine v\u00f6llig \u00fcberraschende L\u00f6sung bringt, unklar.<\/p>\n<p>&nbsp;<\/p>\n<p>Der andere Erz\u00e4hlstrang spielt in der Gegenwart des Romans, 20 Jahre nach dem Verschwinden des kleinen Billy. Dessen Schwester Vera, die sich jetzt Veronica nennt, arbeitet nach einer entsprechenden Ausbildung als Therapeutin in Stockholm. Sie hat vor kurzen einen Zusammenbruch erlebt, und hat nun unter der Anleitung ihrer erfahrenen Kollegen Ruud in einer Trauerselbsterfahrungsgruppe als Leiterin die Chance sich zu bew\u00e4hren und ihren Arbeitsplatz zu sichern.<\/p>\n<p>Als eines Tages ein junger Mann in die Gruppe kommt, sich als Ilka vorstellt und von seinem vor 20 Jahren verschwundenen damaligen Freund erz\u00e4hlt und dabei das Dorf haargenau beschreibt, glaubt Veronica in diesem Mann ihren Bruder zu erkennen.<\/p>\n<p>&nbsp;<\/p>\n<p>Sie f\u00e4hrt nach Hause in ihr Dorf und beginnt auf eigene Faust dem damaligen Verschwinden ihres Bruders nachzugehen. Ihr anderen Bruder Michael, der bei der Polizei arbeitet, hilft ihr nach ersten Zweifeln und auch der omin\u00f6se junge Mann taucht wieder auf. Kann sie ihm Vertrauen? Ist er tats\u00e4chlich der wieder aufgetauchte Billy? Lange bleibt das unklar und der Leser ist hin- und hergerissen.<\/p>\n<p>&nbsp;<\/p>\n<p>Man kann das Buch, das in der zweiten H\u00e4lfte haupts\u00e4chlich in der Gegenwart spielt, kaum aus der Hand legen,. So spitzt sich die Handlung zu, bis ein v\u00f6llig \u00fcberraschender Schluss den Leser aus Wolken fallen l\u00e4sst und die Aufl\u00f6sung bringt.<\/p>\n<p>&nbsp;<\/p>\n<p>Anders de la Motte ist in seiner Heimat ein preisgekr\u00f6nter Schriftsteller. Hierzulande blieben seine bisher erschienenen B\u00fccher eher unbeachtet. Das wird sich nach diesem Kn\u00fcller sicher \u00e4ndern.<\/p>\n<p>&nbsp;<\/p>\n<p>&nbsp;<\/p>\n<p>&nbsp;<\/p>\n<p>&nbsp;<\/p>\n","protected":false},"excerpt":{"rendered":"<p>&nbsp; &nbsp; Anders de la Motte. Sommernachtstod, Droemer 2018, ISBN 978-3-42630624-6 &nbsp; \u00dcber die erste H\u00e4lfte dieses spannenden Kriminalromans aus Schweden, der auf langen Strecken eher wie ein Psychodrama einer vom Schicksal getroffenen Familie und des Dorfes, in dem sie wohnt daherkommt, erz\u00e4hlt Anders de la Motte in zwei Str\u00e4ngen. Der erste spielt im Sp\u00e4tsommer &hellip; <a href=\"https:\/\/blog.liesdoch.de\/?p=6048\" class=\"more-link\"><span class=\"screen-reader-text\">Sommernachtstod<\/span> weiterlesen <span class=\"meta-nav\">&rarr;<\/span><\/a><\/p>\n","protected":false},"author":6,"featured_media":0,"comment_status":"closed","ping_status":"open","sticky":false,"template":"","format":"standard","meta":{"footnotes":""},"categories":[1],"tags":[],"class_list":["post-6048","post","type-post","status-publish","format-standard","hentry","category-allgemein"],"_links":{"self":[{"href":"https:\/\/blog.liesdoch.de\/index.php?rest_route=\/wp\/v2\/posts\/6048","targetHints":{"allow":["GET"]}}],"collection":[{"href":"https:\/\/blog.liesdoch.de\/index.php?rest_route=\/wp\/v2\/posts"}],"about":[{"href":"https:\/\/blog.liesdoch.de\/index.php?rest_route=\/wp\/v2\/types\/post"}],"author":[{"embeddable":true,"href":"https:\/\/blog.liesdoch.de\/index.php?rest_route=\/wp\/v2\/users\/6"}],"replies":[{"embeddable":true,"href":"https:\/\/blog.liesdoch.de\/index.php?rest_route=%2Fwp%2Fv2%2Fcomments&post=6048"}],"version-history":[{"count":1,"href":"https:\/\/blog.liesdoch.de\/index.php?rest_route=\/wp\/v2\/posts\/6048\/revisions"}],"predecessor-version":[{"id":6050,"href":"https:\/\/blog.liesdoch.de\/index.php?rest_route=\/wp\/v2\/posts\/6048\/revisions\/6050"}],"wp:attachment":[{"href":"https:\/\/blog.liesdoch.de\/index.php?rest_route=%2Fwp%2Fv2%2Fmedia&parent=6048"}],"wp:term":[{"taxonomy":"category","embeddable":true,"href":"https:\/\/blog.liesdoch.de\/index.php?rest_route=%2Fwp%2Fv2%2Fcategories&post=6048"},{"taxonomy":"post_tag","embeddable":true,"href":"https:\/\/blog.liesdoch.de\/index.php?rest_route=%2Fwp%2Fv2%2Ftags&post=6048"}],"curies":[{"name":"wp","href":"https:\/\/api.w.org\/{rel}","templated":true}]}}