{"id":6095,"date":"2018-06-27T08:41:13","date_gmt":"2018-06-27T06:41:13","guid":{"rendered":"http:\/\/blog.liesdoch.de\/?p=6095"},"modified":"2018-06-27T08:41:13","modified_gmt":"2018-06-27T06:41:13","slug":"das-andere-achtundsechzig-gesellschaftsgeschichte-einer-revolte","status":"publish","type":"post","link":"https:\/\/blog.liesdoch.de\/?p=6095","title":{"rendered":"Das andere Achtundsechzig. Gesellschaftsgeschichte einer Revolte"},"content":{"rendered":"<p>&nbsp;<\/p>\n<p><a href=\"http:\/\/blog.liesdoch.de\/wp-content\/uploads\/2018\/06\/49811548n.jpg\"><img loading=\"lazy\" decoding=\"async\" class=\"alignnone size-medium wp-image-6096\" src=\"http:\/\/blog.liesdoch.de\/wp-content\/uploads\/2018\/06\/49811548n-193x300.jpg\" alt=\"\" width=\"193\" height=\"300\" srcset=\"https:\/\/blog.liesdoch.de\/wp-content\/uploads\/2018\/06\/49811548n-193x300.jpg 193w, https:\/\/blog.liesdoch.de\/wp-content\/uploads\/2018\/06\/49811548n.jpg 242w\" sizes=\"auto, (max-width: 193px) 100vw, 193px\" \/><\/a><\/p>\n<p>Christina von Hodenberg, Das andere Achtundsechzig. Gesellschaftsgeschichte einer Revolte, C.H.Beck 2018, ISBN 978-3-406-71971-4<\/p>\n<p>&nbsp;<\/p>\n<p>Schon zum 40. Jahrestag von \u201e68\u201c haben sich vor allem die m\u00e4nnlichen Protagonisten der \u201eBewegung\u201c in zahllosen B\u00fcchern und Interviews ge\u00e4u\u00dfert, immer mit dem Ziel ihre eigene Rolle genau zu definieren und unsterblich zu machen.<\/p>\n<p>&nbsp;<\/p>\n<p>Nun in diesem Jahr, der 50. Wiederkehr von Achtundsechzig sind etliche dieser B\u00fccher noch einmal aufgelegt worden, aber auch andere sind erschienen, die eine differenzierten und neuen Blick auf das Geschehen des Jahres 1968 werfen und seine Bedeutung neu definieren. Nennen will ich hier au\u00dfer dem vorliegenden Buch das von dem Psychoanalytiker Claus Koch, der das Jahr 1968 in einer Geschichte von drei Generationen analysiert und beschreibt. Seine Frage:<\/p>\n<p>\u201eDie Eltern legten das Land in Schutt und Asche. Dann bauten sie es wieder auf, bis ihre Kinder 1968 in Berlin und anderswo es noch einmal anz\u00fcnden wollten. Um damit die Vergangenheit endlich zum Schweigen zu bringen. Und ihre Kinder? K\u00f6nnen sie, jenseits von Stillstand und tr\u00fcgerischer Ruhe das Land noch einmal zu neuem Leben erwecken?\u201c<\/p>\n<p>Seine Antwort: Die Phantasie und die Kraft der jungen Generation, in die Koch viel Hoffnung setzt, wird n\u00f6tig sein, diese Welt besser zu machen und die Hoffnung darauf nicht aufzugeben.<\/p>\n<p>&nbsp;<\/p>\n<p>Christina von Hodenberg hat nach dem Blick auf erstmal ausgewertete Quellen den Eindruck, dass das bisherige Bild der 68 er sehr unvollst\u00e4ndig und verzerrt ist. Denn die vor allem m\u00e4nnlichen Chronisten haben die pr\u00e4gende Rolle der Frauen damals unterschlagen.<\/p>\n<p>&nbsp;<\/p>\n<p>Die Frauen fehlen in dem herk\u00f6mmlichen Bild von 68. Sie kommen in der gro\u00dfen Erz\u00e4hlung der revolution\u00e4ren M\u00e4nner nicht vor. In ihrem Buch &#8222;Das andere Achtundsechzig&#8220; f\u00fcllt Christina von Hodenberg diese Leerstelle, erinnert an vergessene Aktivistinnen und zeigt: 1968 war weiblich.<br \/>\n&nbsp;<\/p>\n<p>&nbsp;<\/p>\n","protected":false},"excerpt":{"rendered":"<p>&nbsp; Christina von Hodenberg, Das andere Achtundsechzig. Gesellschaftsgeschichte einer Revolte, C.H.Beck 2018, ISBN 978-3-406-71971-4 &nbsp; Schon zum 40. Jahrestag von \u201e68\u201c haben sich vor allem die m\u00e4nnlichen Protagonisten der \u201eBewegung\u201c in zahllosen B\u00fcchern und Interviews ge\u00e4u\u00dfert, immer mit dem Ziel ihre eigene Rolle genau zu definieren und unsterblich zu machen. &nbsp; Nun in diesem Jahr, &hellip; <a href=\"https:\/\/blog.liesdoch.de\/?p=6095\" class=\"more-link\"><span class=\"screen-reader-text\">Das andere Achtundsechzig. Gesellschaftsgeschichte einer Revolte<\/span> weiterlesen <span class=\"meta-nav\">&rarr;<\/span><\/a><\/p>\n","protected":false},"author":6,"featured_media":0,"comment_status":"closed","ping_status":"open","sticky":false,"template":"","format":"standard","meta":{"footnotes":""},"categories":[1],"tags":[],"class_list":["post-6095","post","type-post","status-publish","format-standard","hentry","category-allgemein"],"_links":{"self":[{"href":"https:\/\/blog.liesdoch.de\/index.php?rest_route=\/wp\/v2\/posts\/6095","targetHints":{"allow":["GET"]}}],"collection":[{"href":"https:\/\/blog.liesdoch.de\/index.php?rest_route=\/wp\/v2\/posts"}],"about":[{"href":"https:\/\/blog.liesdoch.de\/index.php?rest_route=\/wp\/v2\/types\/post"}],"author":[{"embeddable":true,"href":"https:\/\/blog.liesdoch.de\/index.php?rest_route=\/wp\/v2\/users\/6"}],"replies":[{"embeddable":true,"href":"https:\/\/blog.liesdoch.de\/index.php?rest_route=%2Fwp%2Fv2%2Fcomments&post=6095"}],"version-history":[{"count":1,"href":"https:\/\/blog.liesdoch.de\/index.php?rest_route=\/wp\/v2\/posts\/6095\/revisions"}],"predecessor-version":[{"id":6097,"href":"https:\/\/blog.liesdoch.de\/index.php?rest_route=\/wp\/v2\/posts\/6095\/revisions\/6097"}],"wp:attachment":[{"href":"https:\/\/blog.liesdoch.de\/index.php?rest_route=%2Fwp%2Fv2%2Fmedia&parent=6095"}],"wp:term":[{"taxonomy":"category","embeddable":true,"href":"https:\/\/blog.liesdoch.de\/index.php?rest_route=%2Fwp%2Fv2%2Fcategories&post=6095"},{"taxonomy":"post_tag","embeddable":true,"href":"https:\/\/blog.liesdoch.de\/index.php?rest_route=%2Fwp%2Fv2%2Ftags&post=6095"}],"curies":[{"name":"wp","href":"https:\/\/api.w.org\/{rel}","templated":true}]}}