{"id":6140,"date":"2018-07-31T12:26:13","date_gmt":"2018-07-31T10:26:13","guid":{"rendered":"http:\/\/blog.liesdoch.de\/?p=6140"},"modified":"2018-07-31T12:26:13","modified_gmt":"2018-07-31T10:26:13","slug":"engel-2019-wandkalender","status":"publish","type":"post","link":"https:\/\/blog.liesdoch.de\/?p=6140","title":{"rendered":"Engel 2019. Wandkalender"},"content":{"rendered":"<p>&nbsp;<\/p>\n<p>&nbsp;<\/p>\n<p>&nbsp;<\/p>\n<p><a href=\"http:\/\/blog.liesdoch.de\/wp-content\/uploads\/2018\/07\/50408374n.jpg\"><img loading=\"lazy\" decoding=\"async\" class=\"alignnone size-full wp-image-6141\" src=\"http:\/\/blog.liesdoch.de\/wp-content\/uploads\/2018\/07\/50408374n.jpg\" alt=\"\" width=\"200\" height=\"220\" \/><\/a><\/p>\n<p>&nbsp;<\/p>\n<p>Eberhard M\u00fcnch, Engel 2019. Wandkalender, Adeo Verlag 2018, ISBN 978-3-86334-203-6<\/p>\n<p>&nbsp;<\/p>\n<p>Der K\u00fcnstler, dem wir diesen wunderbaren Wandkalender verdanken, ist der 1959 geborene Eberhard M\u00fcnch, der nach vielf\u00e4ltiger Ausbildung mittlerweile ein im In- und Ausland anerkannter und t\u00e4tiger K\u00fcnstler ist, der profane, aber auch viele sakrale Auftr\u00e4ge schon ausgef\u00fchrt hat. So etwa arbeitet er seit 1998 intensiv mit Di\u00f6zesanbau\u00e4mtern und Ev. Landeskirchen zusammen.<\/p>\n<p>&nbsp;<\/p>\n<p>Er legt hier eine Serie von 12 Engelbildern vor, die er nach eigener Aussage\u00a0 \u201ein einem Rutsch\u201c gemalt hat. Es sind Bilder, die auch nichtreligi\u00f6se Menschen zur Mediation anregen k\u00f6nnen. Engel als Wesen, die Himmel und Erde auf eine geheimnisvolle Weise zusammenbringen k\u00f6nnen, haben seit Urzeiten die Menschen besch\u00e4ftigt.<\/p>\n<p>Dieser Kalender ist ein moderner k\u00fcnstlerischer Ausdruck dieser Faszination.<\/p>\n<p>&nbsp;<\/p>\n<p>&nbsp;<\/p>\n","protected":false},"excerpt":{"rendered":"<p>&nbsp; &nbsp; &nbsp; &nbsp; Eberhard M\u00fcnch, Engel 2019. Wandkalender, Adeo Verlag 2018, ISBN 978-3-86334-203-6 &nbsp; Der K\u00fcnstler, dem wir diesen wunderbaren Wandkalender verdanken, ist der 1959 geborene Eberhard M\u00fcnch, der nach vielf\u00e4ltiger Ausbildung mittlerweile ein im In- und Ausland anerkannter und t\u00e4tiger K\u00fcnstler ist, der profane, aber auch viele sakrale Auftr\u00e4ge schon ausgef\u00fchrt hat. So &hellip; <a href=\"https:\/\/blog.liesdoch.de\/?p=6140\" class=\"more-link\"><span class=\"screen-reader-text\">Engel 2019. Wandkalender<\/span> weiterlesen <span class=\"meta-nav\">&rarr;<\/span><\/a><\/p>\n","protected":false},"author":6,"featured_media":0,"comment_status":"closed","ping_status":"open","sticky":false,"template":"","format":"standard","meta":{"footnotes":""},"categories":[1],"tags":[],"class_list":["post-6140","post","type-post","status-publish","format-standard","hentry","category-allgemein"],"_links":{"self":[{"href":"https:\/\/blog.liesdoch.de\/index.php?rest_route=\/wp\/v2\/posts\/6140","targetHints":{"allow":["GET"]}}],"collection":[{"href":"https:\/\/blog.liesdoch.de\/index.php?rest_route=\/wp\/v2\/posts"}],"about":[{"href":"https:\/\/blog.liesdoch.de\/index.php?rest_route=\/wp\/v2\/types\/post"}],"author":[{"embeddable":true,"href":"https:\/\/blog.liesdoch.de\/index.php?rest_route=\/wp\/v2\/users\/6"}],"replies":[{"embeddable":true,"href":"https:\/\/blog.liesdoch.de\/index.php?rest_route=%2Fwp%2Fv2%2Fcomments&post=6140"}],"version-history":[{"count":1,"href":"https:\/\/blog.liesdoch.de\/index.php?rest_route=\/wp\/v2\/posts\/6140\/revisions"}],"predecessor-version":[{"id":6142,"href":"https:\/\/blog.liesdoch.de\/index.php?rest_route=\/wp\/v2\/posts\/6140\/revisions\/6142"}],"wp:attachment":[{"href":"https:\/\/blog.liesdoch.de\/index.php?rest_route=%2Fwp%2Fv2%2Fmedia&parent=6140"}],"wp:term":[{"taxonomy":"category","embeddable":true,"href":"https:\/\/blog.liesdoch.de\/index.php?rest_route=%2Fwp%2Fv2%2Fcategories&post=6140"},{"taxonomy":"post_tag","embeddable":true,"href":"https:\/\/blog.liesdoch.de\/index.php?rest_route=%2Fwp%2Fv2%2Ftags&post=6140"}],"curies":[{"name":"wp","href":"https:\/\/api.w.org\/{rel}","templated":true}]}}