{"id":6143,"date":"2018-07-31T12:27:21","date_gmt":"2018-07-31T10:27:21","guid":{"rendered":"http:\/\/blog.liesdoch.de\/?p=6143"},"modified":"2018-07-31T12:27:21","modified_gmt":"2018-07-31T10:27:21","slug":"unendlich-schoen-2019","status":"publish","type":"post","link":"https:\/\/blog.liesdoch.de\/?p=6143","title":{"rendered":"Unendlich sch\u00f6n 2019"},"content":{"rendered":"<p>&nbsp;<\/p>\n<p>&nbsp;<\/p>\n<p>&nbsp;<\/p>\n<p><a href=\"http:\/\/blog.liesdoch.de\/wp-content\/uploads\/2018\/07\/50413942n.jpg\"><img loading=\"lazy\" decoding=\"async\" class=\"alignnone size-full wp-image-6144\" src=\"http:\/\/blog.liesdoch.de\/wp-content\/uploads\/2018\/07\/50413942n.jpg\" alt=\"\" width=\"200\" height=\"86\" \/><\/a><\/p>\n<p>Nicholas Roemmelt, Unendlich sch\u00f6n 2019, Adeo Verlag 2018, ISBN 978-3-86334-188-6<\/p>\n<p>&nbsp;<\/p>\n<p>\u201eNoch nicht ganz Tag, noch nicht ganz Nacht, h\u00e4lt die D\u00e4mmerung die Momente zwischen den Welten einen Augenblick lang f\u00fcr mich fest. Sie taucht den Himmel und die Erde in ein faszinierendes diffuses Licht. Ehrf\u00fcrchtig bestaune ich die Weite und atme sie ein, die gewaltige Grenzenlosigkeit. Unendlich sch\u00f6n.\u201c<\/p>\n<p>&nbsp;<\/p>\n<p>Diese S\u00e4tze stellt Nicholas Roemmelt seinem 2019 er Kalender voran. Er fotografiert erst seit seinem 30. Lebensjahr, bevor er diese Passion neben seiner mit seiner Frau in Tirol geteilten Zahnarztpraxis zu seinem privaten Schwerpunkt machte. Tags\u00fcber hilft er Menschen und nachts macht er sich auf zu den Sternen.<\/p>\n<p>&nbsp;<\/p>\n<p>Dort in der Welt der Berge und T\u00e4ler entdeckt er die Sch\u00f6nheit dieser Welt auf eine ganz besondere Weise. Auf jedem Monatsblatt pr\u00e4sentiert er seinen Betrachtern wie schon im letzten Jahr ein einmalig sch\u00f6nes Bild und nur zwei Worte &#8211; alles andere w\u00e4re zu viel.<\/p>\n<p>&nbsp;<\/p>\n<p>Wunderbare Bilder, die mehr ausdr\u00fccken und im Betrachter ausl\u00f6sen, als man in Worte fassen kann. Sie f\u00fchren ihn in eine Zwischenwelt \u2013 auch seine ganz pers\u00f6nliche.<\/p>\n","protected":false},"excerpt":{"rendered":"<p>&nbsp; &nbsp; &nbsp; Nicholas Roemmelt, Unendlich sch\u00f6n 2019, Adeo Verlag 2018, ISBN 978-3-86334-188-6 &nbsp; \u201eNoch nicht ganz Tag, noch nicht ganz Nacht, h\u00e4lt die D\u00e4mmerung die Momente zwischen den Welten einen Augenblick lang f\u00fcr mich fest. Sie taucht den Himmel und die Erde in ein faszinierendes diffuses Licht. Ehrf\u00fcrchtig bestaune ich die Weite und atme &hellip; <a href=\"https:\/\/blog.liesdoch.de\/?p=6143\" class=\"more-link\"><span class=\"screen-reader-text\">Unendlich sch\u00f6n 2019<\/span> weiterlesen <span class=\"meta-nav\">&rarr;<\/span><\/a><\/p>\n","protected":false},"author":6,"featured_media":0,"comment_status":"closed","ping_status":"open","sticky":false,"template":"","format":"standard","meta":{"footnotes":""},"categories":[1],"tags":[],"class_list":["post-6143","post","type-post","status-publish","format-standard","hentry","category-allgemein"],"_links":{"self":[{"href":"https:\/\/blog.liesdoch.de\/index.php?rest_route=\/wp\/v2\/posts\/6143","targetHints":{"allow":["GET"]}}],"collection":[{"href":"https:\/\/blog.liesdoch.de\/index.php?rest_route=\/wp\/v2\/posts"}],"about":[{"href":"https:\/\/blog.liesdoch.de\/index.php?rest_route=\/wp\/v2\/types\/post"}],"author":[{"embeddable":true,"href":"https:\/\/blog.liesdoch.de\/index.php?rest_route=\/wp\/v2\/users\/6"}],"replies":[{"embeddable":true,"href":"https:\/\/blog.liesdoch.de\/index.php?rest_route=%2Fwp%2Fv2%2Fcomments&post=6143"}],"version-history":[{"count":1,"href":"https:\/\/blog.liesdoch.de\/index.php?rest_route=\/wp\/v2\/posts\/6143\/revisions"}],"predecessor-version":[{"id":6145,"href":"https:\/\/blog.liesdoch.de\/index.php?rest_route=\/wp\/v2\/posts\/6143\/revisions\/6145"}],"wp:attachment":[{"href":"https:\/\/blog.liesdoch.de\/index.php?rest_route=%2Fwp%2Fv2%2Fmedia&parent=6143"}],"wp:term":[{"taxonomy":"category","embeddable":true,"href":"https:\/\/blog.liesdoch.de\/index.php?rest_route=%2Fwp%2Fv2%2Fcategories&post=6143"},{"taxonomy":"post_tag","embeddable":true,"href":"https:\/\/blog.liesdoch.de\/index.php?rest_route=%2Fwp%2Fv2%2Ftags&post=6143"}],"curies":[{"name":"wp","href":"https:\/\/api.w.org\/{rel}","templated":true}]}}