{"id":6146,"date":"2018-07-31T12:28:23","date_gmt":"2018-07-31T10:28:23","guid":{"rendered":"http:\/\/blog.liesdoch.de\/?p=6146"},"modified":"2018-07-31T12:28:23","modified_gmt":"2018-07-31T10:28:23","slug":"das-glueck-des-augenblicks-2019","status":"publish","type":"post","link":"https:\/\/blog.liesdoch.de\/?p=6146","title":{"rendered":"Das Gl\u00fcck des Augenblicks 2019"},"content":{"rendered":"<p>&nbsp;<\/p>\n<p>&nbsp;<\/p>\n<p><a href=\"http:\/\/blog.liesdoch.de\/wp-content\/uploads\/2018\/07\/50409504n.jpg\"><img loading=\"lazy\" decoding=\"async\" class=\"alignnone size-full wp-image-6147\" src=\"http:\/\/blog.liesdoch.de\/wp-content\/uploads\/2018\/07\/50409504n.jpg\" alt=\"\" width=\"200\" height=\"282\" \/><\/a><\/p>\n<p>Hans Joachim Eckstein, Micha Pawlitzki, Das Gl\u00fcck des Augenblicks 2019, Adeo 2018, ISBN 978-3-86334-196-1<\/p>\n<p>&nbsp;<\/p>\n<p>F\u00fcr diesen sehr spirituellen Wandkalender haben sich zwei ganz besondere Menschen zusammengefunden. Micha Pawlitzki z\u00e4hlt zu den besten und erfolgreichsten Fotografen Europas. Viele bekannte Zeitschriften arbeiten regelm\u00e4\u00dfig mit seinen Bildern und \u00fcber 150 B\u00fccher und Kalender sind seit Beginn seiner Arbeit erschienen, die ausschlie\u00dflich mit seinen Bildern gestaltet wurden.<\/p>\n<p>&nbsp;<\/p>\n<p>Hans-Joachim Eckstein ist seit 2001 Professor f\u00fcr Neues Testament\u00a0 in T\u00fcbingen und einer gro\u00dfen Zahl von Nicht-Theologen durch seine Vortr\u00e4ge und B\u00fccher bekannt, in denen er mit lyrischen und aphoristischen Texten auch jene Menschen anzusprechen vermag, die sich bisher zum Glauben eher distanziert verhalten haben.<\/p>\n<p>&nbsp;<\/p>\n<p>Zu insgesamt faszinierenden und zu langem Betrachten einladenden Fotografien von Micha Pawlitzki hat Hans-Joachim Eckstein poetische Aphorismen beigesteuert, die nicht weniger als die Bilder geeignet sind, den Betrachter, der diesen Wandkalender irgendwo in seiner Wohnung\u00a0 aufgeh\u00e4ngt hat, einen ganzen Monat lang nicht nur zu begleiten, sondern ihn regelrecht zwingt, sich mit ihnen auseinanderzusetzen.<\/p>\n<p>&nbsp;<\/p>\n<p>Ein wunderbares Geschenk f\u00fcr Freunde oder auch f\u00fcr sich selbst.<\/p>\n","protected":false},"excerpt":{"rendered":"<p>&nbsp; &nbsp; Hans Joachim Eckstein, Micha Pawlitzki, Das Gl\u00fcck des Augenblicks 2019, Adeo 2018, ISBN 978-3-86334-196-1 &nbsp; F\u00fcr diesen sehr spirituellen Wandkalender haben sich zwei ganz besondere Menschen zusammengefunden. Micha Pawlitzki z\u00e4hlt zu den besten und erfolgreichsten Fotografen Europas. Viele bekannte Zeitschriften arbeiten regelm\u00e4\u00dfig mit seinen Bildern und \u00fcber 150 B\u00fccher und Kalender sind seit &hellip; <a href=\"https:\/\/blog.liesdoch.de\/?p=6146\" class=\"more-link\"><span class=\"screen-reader-text\">Das Gl\u00fcck des Augenblicks 2019<\/span> weiterlesen <span class=\"meta-nav\">&rarr;<\/span><\/a><\/p>\n","protected":false},"author":6,"featured_media":0,"comment_status":"closed","ping_status":"open","sticky":false,"template":"","format":"standard","meta":{"footnotes":""},"categories":[1],"tags":[],"class_list":["post-6146","post","type-post","status-publish","format-standard","hentry","category-allgemein"],"_links":{"self":[{"href":"https:\/\/blog.liesdoch.de\/index.php?rest_route=\/wp\/v2\/posts\/6146","targetHints":{"allow":["GET"]}}],"collection":[{"href":"https:\/\/blog.liesdoch.de\/index.php?rest_route=\/wp\/v2\/posts"}],"about":[{"href":"https:\/\/blog.liesdoch.de\/index.php?rest_route=\/wp\/v2\/types\/post"}],"author":[{"embeddable":true,"href":"https:\/\/blog.liesdoch.de\/index.php?rest_route=\/wp\/v2\/users\/6"}],"replies":[{"embeddable":true,"href":"https:\/\/blog.liesdoch.de\/index.php?rest_route=%2Fwp%2Fv2%2Fcomments&post=6146"}],"version-history":[{"count":1,"href":"https:\/\/blog.liesdoch.de\/index.php?rest_route=\/wp\/v2\/posts\/6146\/revisions"}],"predecessor-version":[{"id":6148,"href":"https:\/\/blog.liesdoch.de\/index.php?rest_route=\/wp\/v2\/posts\/6146\/revisions\/6148"}],"wp:attachment":[{"href":"https:\/\/blog.liesdoch.de\/index.php?rest_route=%2Fwp%2Fv2%2Fmedia&parent=6146"}],"wp:term":[{"taxonomy":"category","embeddable":true,"href":"https:\/\/blog.liesdoch.de\/index.php?rest_route=%2Fwp%2Fv2%2Fcategories&post=6146"},{"taxonomy":"post_tag","embeddable":true,"href":"https:\/\/blog.liesdoch.de\/index.php?rest_route=%2Fwp%2Fv2%2Ftags&post=6146"}],"curies":[{"name":"wp","href":"https:\/\/api.w.org\/{rel}","templated":true}]}}