{"id":615,"date":"2015-10-09T16:33:02","date_gmt":"2015-10-09T14:33:02","guid":{"rendered":"http:\/\/blog.liesdoch.de\/?p=615"},"modified":"2015-10-09T16:33:02","modified_gmt":"2015-10-09T14:33:02","slug":"arctica-the-vanishing-north","status":"publish","type":"post","link":"https:\/\/blog.liesdoch.de\/?p=615","title":{"rendered":"Arctica. The Vanishing North"},"content":{"rendered":"<p>&nbsp;<\/p>\n<p>&nbsp;<\/p>\n<p><a href=\"http:\/\/blog.liesdoch.de\/wp-content\/uploads\/2015\/10\/42801762z.jpg\"><img loading=\"lazy\" decoding=\"async\" class=\"alignnone size-medium wp-image-616\" src=\"http:\/\/blog.liesdoch.de\/wp-content\/uploads\/2015\/10\/42801762z-250x300.jpg\" alt=\"42801762z\" width=\"250\" height=\"300\" srcset=\"https:\/\/blog.liesdoch.de\/wp-content\/uploads\/2015\/10\/42801762z-250x300.jpg 250w, https:\/\/blog.liesdoch.de\/wp-content\/uploads\/2015\/10\/42801762z.jpg 396w\" sizes=\"auto, (max-width: 250px) 100vw, 250px\" \/><\/a><\/p>\n<p>&nbsp;<\/p>\n<p>Sebastian Copeland, Arctica. The Vanishing North, Te Neues 2015, ISBN 978-3-8327-3281-3<\/p>\n<p>&nbsp;<\/p>\n<p>Der Fotograf Sebastian Copeland spricht schon im Titel seines neuen Buches an, worum es ihm geht. Er will mit seinen Aufnahmen aufmerksam machen auf die Verletzlichkeit einer einzigartig sch\u00f6nen Region dieser Erde. 1964 geboren, macht sich Sebastian Copeland immer wieder auf zu langen Expeditionen in eine traumhaft sch\u00f6ne Landschaft, die durch die Erderw\u00e4rmung schon jetzt jedes Jahr in ihrer Gr\u00f6\u00dfe abnimmt und in einigen Jahrzehnten ganz verschwunden sein wird.<\/p>\n<p>\u00dcber seinen ersten Besuch in der Arktis im Jahr 2005 sagt er in einem Interview:<\/p>\n<p>\u201eDie Arktis hat mich vom ersten Moment an gefesselt. Ich kannte K\u00e4lte, aber nicht solche K\u00e4lte. Aus der praktischen Perspektive finde ich es super, dass das Eis grenzenlose Wassermengen bereith\u00e4lt und ich es einfach nur schmelzen muss. So brauche ich keine Wasservorr\u00e4te tragen. Das ist der Vorteil gegen\u00fcber anderen W\u00fcsten.<\/p>\n<p>K\u00fcnstlerisch gesehen gef\u00e4llt mir sehr, wie sauber die Landschaft ist, visuell vollkommen frei von menschlichen Einfl\u00fcssen und vom Chaos, das organisches Leben mit sich bringt. Das Eis ist leer \u2013 wie eine wei\u00dfe Leinwand. Optisch und philosophisch l\u00e4dt mich solch eine wei\u00dfe Leinwand zum Interpretieren und Reflektieren ein.\u201c<\/p>\n<p>Seine faszinierende Bilder sind ein Aufruf zum Handeln, doch er sch\u00e4tzt die Bereitschaft der Regierung dazu pessimistisch ein: \u201eGew\u00e4hlte Politiker sollten Anf\u00fchrer sein. Viele k\u00fcmmern sich nur um w\u00e4hlerfreundliche Themen und setzen den Klimawandel ganz unten auf die Tagesordnung, weil diese Problematik \u00fcber einzelne Legislaturperioden hinausgeht. Es \u00e4rgert mich auch, dass Wissenschaftlern, die den Klimawandel leugnen, eine so laute Stimme gegeben wird. Wie fortschrittlich eine Zivilisation ist, zeigt sich nicht zuletzt an ihrem Wissen. Wenn uns die vermeintlichen Experten aber nicht lehren, im Einklang mit der Natur zu leben, bringt uns das Wissen gar nichts. Warum sollte man die Forschung solcher Wissenschaftler dann \u00fcberhaupt finanzieren?\u201c<\/p>\n<p>Es macht traurig und nachdenklich zu wissen, dass es irgendwann B\u00fccher wie das hier vorliegende von Sebastian Copeland sein werden, die unsere Enkel anschauen werden, um zu verstehen, was die Arktis einmal war.<\/p>\n<p>&nbsp;<\/p>\n<p>&nbsp;<\/p>\n<p>&nbsp;<\/p>\n","protected":false},"excerpt":{"rendered":"<p>&nbsp; &nbsp; &nbsp; Sebastian Copeland, Arctica. The Vanishing North, Te Neues 2015, ISBN 978-3-8327-3281-3 &nbsp; Der Fotograf Sebastian Copeland spricht schon im Titel seines neuen Buches an, worum es ihm geht. Er will mit seinen Aufnahmen aufmerksam machen auf die Verletzlichkeit einer einzigartig sch\u00f6nen Region dieser Erde. 1964 geboren, macht sich Sebastian Copeland immer wieder &hellip; <a href=\"https:\/\/blog.liesdoch.de\/?p=615\" class=\"more-link\"><span class=\"screen-reader-text\">Arctica. The Vanishing North<\/span> weiterlesen <span class=\"meta-nav\">&rarr;<\/span><\/a><\/p>\n","protected":false},"author":6,"featured_media":0,"comment_status":"open","ping_status":"open","sticky":false,"template":"","format":"standard","meta":{"footnotes":""},"categories":[1],"tags":[225,105],"class_list":["post-615","post","type-post","status-publish","format-standard","hentry","category-allgemein","tag-arktis","tag-naturfotografie"],"_links":{"self":[{"href":"https:\/\/blog.liesdoch.de\/index.php?rest_route=\/wp\/v2\/posts\/615","targetHints":{"allow":["GET"]}}],"collection":[{"href":"https:\/\/blog.liesdoch.de\/index.php?rest_route=\/wp\/v2\/posts"}],"about":[{"href":"https:\/\/blog.liesdoch.de\/index.php?rest_route=\/wp\/v2\/types\/post"}],"author":[{"embeddable":true,"href":"https:\/\/blog.liesdoch.de\/index.php?rest_route=\/wp\/v2\/users\/6"}],"replies":[{"embeddable":true,"href":"https:\/\/blog.liesdoch.de\/index.php?rest_route=%2Fwp%2Fv2%2Fcomments&post=615"}],"version-history":[{"count":1,"href":"https:\/\/blog.liesdoch.de\/index.php?rest_route=\/wp\/v2\/posts\/615\/revisions"}],"predecessor-version":[{"id":617,"href":"https:\/\/blog.liesdoch.de\/index.php?rest_route=\/wp\/v2\/posts\/615\/revisions\/617"}],"wp:attachment":[{"href":"https:\/\/blog.liesdoch.de\/index.php?rest_route=%2Fwp%2Fv2%2Fmedia&parent=615"}],"wp:term":[{"taxonomy":"category","embeddable":true,"href":"https:\/\/blog.liesdoch.de\/index.php?rest_route=%2Fwp%2Fv2%2Fcategories&post=615"},{"taxonomy":"post_tag","embeddable":true,"href":"https:\/\/blog.liesdoch.de\/index.php?rest_route=%2Fwp%2Fv2%2Ftags&post=615"}],"curies":[{"name":"wp","href":"https:\/\/api.w.org\/{rel}","templated":true}]}}