{"id":6180,"date":"2018-08-08T14:31:50","date_gmt":"2018-08-08T12:31:50","guid":{"rendered":"http:\/\/blog.liesdoch.de\/?p=6180"},"modified":"2018-08-08T14:31:50","modified_gmt":"2018-08-08T12:31:50","slug":"der-weg-des-menschen","status":"publish","type":"post","link":"https:\/\/blog.liesdoch.de\/?p=6180","title":{"rendered":"Der Weg des Menschen"},"content":{"rendered":"<p>&nbsp;<\/p>\n<p>&nbsp;<\/p>\n<p><a href=\"http:\/\/blog.liesdoch.de\/wp-content\/uploads\/2018\/08\/52391961z.jpg\"><img loading=\"lazy\" decoding=\"async\" class=\"alignnone size-medium wp-image-6181\" src=\"http:\/\/blog.liesdoch.de\/wp-content\/uploads\/2018\/08\/52391961z-201x300.jpg\" alt=\"\" width=\"201\" height=\"300\" srcset=\"https:\/\/blog.liesdoch.de\/wp-content\/uploads\/2018\/08\/52391961z-201x300.jpg 201w, https:\/\/blog.liesdoch.de\/wp-content\/uploads\/2018\/08\/52391961z.jpg 319w\" sizes=\"auto, (max-width: 201px) 100vw, 201px\" \/><\/a><\/p>\n<p>Martin Buber, Der Weg des Menschen, G\u00fctersloher Verlagshaus 2018, ISBN 978-3-579-08549-4<\/p>\n<p>&nbsp;<\/p>\n<p>In \u00a0&#8218;Der Weg des Menschen&#8216;, der auf einen Vortrag aus dem Jahre 1947 zur\u00fcckgeht, beschreibt Martin Buber, was in seiner Sicht f\u00fcr das Leben der ostj\u00fcdischen Chassidim wesentlich war und was f\u00fcr Bubers Werk entscheidend wurde. Dieses Buch ist ein idealer Einstieg in Bubers Werke und zugleich ein Ansto\u00df zur Selbstbesinnung. Die\u00a0 bisher unver\u00f6ffentlichten Aquarelle von Andreas Felger vervollkommnen einen harmonischen Dialog zwischen Kunst und Literatur.<\/p>\n<p>&nbsp;<\/p>\n<p>Eine Einf\u00fchrung zu Bubers Leben und Werk erleichtert den Zugang f\u00fcr den, der Buber noch nicht kennt und die Absicht hat, den Grundfragen menschlicher Existenz nachzusinnen.<\/p>\n<p>Martin Buber hat hier aus seinem gro\u00dfen Sammelwerk von den Erz\u00e4hlungen der Chassidim einige wenige und besonders kostbare ausgew\u00e4hlt, um sie im Blick auf den menschlichen Lebensweg zu meditieren. Ein kostbares Buch, das zum Verstehen einl\u00e4dt, und im Verstandenen tief nachwirkt.<\/p>\n<p>Dieses Buch l\u00e4sst in seiner K\u00fcrze und Dichte die meisten Ratgeber und Gl\u00fccksb\u00fccher verblassen.\u00a0 Hier wird wirkliches Lebenswasser angeboten, aus der biblischen Quelle.<\/p>\n","protected":false},"excerpt":{"rendered":"<p>&nbsp; &nbsp; Martin Buber, Der Weg des Menschen, G\u00fctersloher Verlagshaus 2018, ISBN 978-3-579-08549-4 &nbsp; In \u00a0&#8218;Der Weg des Menschen&#8216;, der auf einen Vortrag aus dem Jahre 1947 zur\u00fcckgeht, beschreibt Martin Buber, was in seiner Sicht f\u00fcr das Leben der ostj\u00fcdischen Chassidim wesentlich war und was f\u00fcr Bubers Werk entscheidend wurde. Dieses Buch ist ein idealer &hellip; <a href=\"https:\/\/blog.liesdoch.de\/?p=6180\" class=\"more-link\"><span class=\"screen-reader-text\">Der Weg des Menschen<\/span> weiterlesen <span class=\"meta-nav\">&rarr;<\/span><\/a><\/p>\n","protected":false},"author":6,"featured_media":0,"comment_status":"closed","ping_status":"open","sticky":false,"template":"","format":"standard","meta":{"footnotes":""},"categories":[1],"tags":[],"class_list":["post-6180","post","type-post","status-publish","format-standard","hentry","category-allgemein"],"_links":{"self":[{"href":"https:\/\/blog.liesdoch.de\/index.php?rest_route=\/wp\/v2\/posts\/6180","targetHints":{"allow":["GET"]}}],"collection":[{"href":"https:\/\/blog.liesdoch.de\/index.php?rest_route=\/wp\/v2\/posts"}],"about":[{"href":"https:\/\/blog.liesdoch.de\/index.php?rest_route=\/wp\/v2\/types\/post"}],"author":[{"embeddable":true,"href":"https:\/\/blog.liesdoch.de\/index.php?rest_route=\/wp\/v2\/users\/6"}],"replies":[{"embeddable":true,"href":"https:\/\/blog.liesdoch.de\/index.php?rest_route=%2Fwp%2Fv2%2Fcomments&post=6180"}],"version-history":[{"count":1,"href":"https:\/\/blog.liesdoch.de\/index.php?rest_route=\/wp\/v2\/posts\/6180\/revisions"}],"predecessor-version":[{"id":6182,"href":"https:\/\/blog.liesdoch.de\/index.php?rest_route=\/wp\/v2\/posts\/6180\/revisions\/6182"}],"wp:attachment":[{"href":"https:\/\/blog.liesdoch.de\/index.php?rest_route=%2Fwp%2Fv2%2Fmedia&parent=6180"}],"wp:term":[{"taxonomy":"category","embeddable":true,"href":"https:\/\/blog.liesdoch.de\/index.php?rest_route=%2Fwp%2Fv2%2Fcategories&post=6180"},{"taxonomy":"post_tag","embeddable":true,"href":"https:\/\/blog.liesdoch.de\/index.php?rest_route=%2Fwp%2Fv2%2Ftags&post=6180"}],"curies":[{"name":"wp","href":"https:\/\/api.w.org\/{rel}","templated":true}]}}