{"id":6186,"date":"2018-08-08T14:33:03","date_gmt":"2018-08-08T12:33:03","guid":{"rendered":"http:\/\/blog.liesdoch.de\/?p=6186"},"modified":"2018-08-08T14:33:03","modified_gmt":"2018-08-08T12:33:03","slug":"das-feld","status":"publish","type":"post","link":"https:\/\/blog.liesdoch.de\/?p=6186","title":{"rendered":"Das Feld"},"content":{"rendered":"<p>&nbsp;<\/p>\n<p>&nbsp;<\/p>\n<p>&nbsp;<\/p>\n<p>&nbsp;<\/p>\n<p>&nbsp;<\/p>\n<p><a href=\"http:\/\/blog.liesdoch.de\/wp-content\/uploads\/2018\/08\/50537519n.jpg\"><img loading=\"lazy\" decoding=\"async\" class=\"alignnone size-medium wp-image-6187\" src=\"http:\/\/blog.liesdoch.de\/wp-content\/uploads\/2018\/08\/50537519n-184x300.jpg\" alt=\"\" width=\"184\" height=\"300\" srcset=\"https:\/\/blog.liesdoch.de\/wp-content\/uploads\/2018\/08\/50537519n-184x300.jpg 184w, https:\/\/blog.liesdoch.de\/wp-content\/uploads\/2018\/08\/50537519n.jpg 242w\" sizes=\"auto, (max-width: 184px) 100vw, 184px\" \/><\/a><\/p>\n<p>Robert Seethaler, Das Feld, Hanser Berlin 2018, ISBN 978-3-446-26038-2<\/p>\n<p>&nbsp;<\/p>\n<p>Bei zahllosen Besuchen der Gr\u00e4ber meiner Verwandten auf unserem Friedhof in den letzten Jahren und bei unz\u00e4hligen Beerdigungen, die ich als Pfarrer leitete, in den letzten beiden Jahrzehnten des vergangenen Jahrhunderts habe mich oft gefragt, was wohl all die Toten um mich herum erz\u00e4hlen w\u00fcrden, wenn sie auf ihr Leben nach einiger Distanz von wo auch immer zur\u00fcckblicken k\u00f6nnten.<\/p>\n<p>&nbsp;<\/p>\n<p>Zu Beginn des neuen kleinen Romans von Robert Seethaler, der gleich nach seinem Erscheinen die Bestsellerlisten anf\u00fchrt, sitzt ein alter Mann auf seiner Bank auf dem Friedhof des erdachten St\u00e4dtchens Paulstadt. Immer sitzt er da und hat sehr oft den Eindruck, die Toten w\u00fcrden ihm ihre Geschichten einfl\u00fcstern.<\/p>\n<p>&nbsp;<\/p>\n<p>Und Robert Seethaler l\u00e4sst sie erz\u00e4hlen. Oft sind es nur wenige S\u00e4tze, manchmal bedr\u00fcckende Lebensgeschichten. Da ist der depressive Pfarrer, der eines Tages die Kirche anz\u00fcndet und dabei umkommt. Viele andere Tote nehmen in ihren Berichten auf dieses unglaubliche Geschehen Bezug, von dem ganz Paulstadt noch sehr lange spricht.<\/p>\n<p>Da ist die Frau, die 67 M\u00e4nner hatte, aber nur einen wirklich liebte. Die Frau, die an ihren dicken Mann denkt, mit dem sie viel Spa\u00df hatte, auch im Bett und die einfach gl\u00fccklich war mit ihm.<\/p>\n<p>&nbsp;<\/p>\n<p>Die vielen kleinen Portr\u00e4ts verweben sich mit der Zeit miteinander und deutlich wird so etwas wie eine kleine Sozialgeschichte einer kleinen Stadt mit all ihren Geheimnissen und kleinen und gro\u00dfen Geschichten. Egal, was die Toten \u00fcber ihr Leben zu sagen haben: Robert Seethaler konfrontiert mit ihren Erz\u00e4hlungen den Leser mit existentiellen Fragen: Was macht eigentlich ein Leben aus? Was macht mein Leben aus? Wann kann man am Ende des Lebens sagen, man habe gut gelebt? Gibt es \u00fcberhaupt so etwas wie ein gutes Leben, wenn es doch fr\u00fcher oder sp\u00e4ter mit dem Tod endet, ein Tod, der in vielen Geschichten qu\u00e4lend gekommen ist und f\u00fcr nicht wenige eine Erl\u00f6sung war.<\/p>\n<p>&nbsp;<\/p>\n<p>Robert Seethalers Buch, in dem 29 Tote auf ihr Leben zur\u00fcckblicken, \u00fcbt je l\u00e4nger je mehr einen regelrechten Sog aus auf den Leser, weil er sie so lebendig schildern l\u00e4sst, was ihr Leben ausmachte. Sehr tr\u00f6stlich ist, dass die meisten Erz\u00e4hler ihren Tod relativ gelassen nehmen.<\/p>\n<p>Einer dr\u00fcckt das so aus:<\/p>\n<p>&#8222;Im Grunde genommen verstehe ich ja nichts von der Liebe, und vom Leben wei\u00df ich nur, dass man es zu leben hat. Aber immerhin habe ich jetzt vom Sterben eine Ahnung: Es beendet die Sehnsucht, und wenn man stillh\u00e4lt, tut es gar nicht weh.&#8220;<\/p>\n<p>&nbsp;<\/p>\n<p>Ein dichter, poetischer und philosophischer Roman, der die literarische Qualit\u00e4t seines Vorg\u00e4ngers best\u00e4tigt.<\/p>\n<p>&nbsp;<\/p>\n<p>&nbsp;<\/p>\n<p>&nbsp;<\/p>\n","protected":false},"excerpt":{"rendered":"<p>&nbsp; &nbsp; &nbsp; &nbsp; &nbsp; Robert Seethaler, Das Feld, Hanser Berlin 2018, ISBN 978-3-446-26038-2 &nbsp; Bei zahllosen Besuchen der Gr\u00e4ber meiner Verwandten auf unserem Friedhof in den letzten Jahren und bei unz\u00e4hligen Beerdigungen, die ich als Pfarrer leitete, in den letzten beiden Jahrzehnten des vergangenen Jahrhunderts habe mich oft gefragt, was wohl all die Toten &hellip; <a href=\"https:\/\/blog.liesdoch.de\/?p=6186\" class=\"more-link\"><span class=\"screen-reader-text\">Das Feld<\/span> weiterlesen <span class=\"meta-nav\">&rarr;<\/span><\/a><\/p>\n","protected":false},"author":6,"featured_media":0,"comment_status":"closed","ping_status":"open","sticky":false,"template":"","format":"standard","meta":{"footnotes":""},"categories":[1],"tags":[],"class_list":["post-6186","post","type-post","status-publish","format-standard","hentry","category-allgemein"],"_links":{"self":[{"href":"https:\/\/blog.liesdoch.de\/index.php?rest_route=\/wp\/v2\/posts\/6186","targetHints":{"allow":["GET"]}}],"collection":[{"href":"https:\/\/blog.liesdoch.de\/index.php?rest_route=\/wp\/v2\/posts"}],"about":[{"href":"https:\/\/blog.liesdoch.de\/index.php?rest_route=\/wp\/v2\/types\/post"}],"author":[{"embeddable":true,"href":"https:\/\/blog.liesdoch.de\/index.php?rest_route=\/wp\/v2\/users\/6"}],"replies":[{"embeddable":true,"href":"https:\/\/blog.liesdoch.de\/index.php?rest_route=%2Fwp%2Fv2%2Fcomments&post=6186"}],"version-history":[{"count":1,"href":"https:\/\/blog.liesdoch.de\/index.php?rest_route=\/wp\/v2\/posts\/6186\/revisions"}],"predecessor-version":[{"id":6188,"href":"https:\/\/blog.liesdoch.de\/index.php?rest_route=\/wp\/v2\/posts\/6186\/revisions\/6188"}],"wp:attachment":[{"href":"https:\/\/blog.liesdoch.de\/index.php?rest_route=%2Fwp%2Fv2%2Fmedia&parent=6186"}],"wp:term":[{"taxonomy":"category","embeddable":true,"href":"https:\/\/blog.liesdoch.de\/index.php?rest_route=%2Fwp%2Fv2%2Fcategories&post=6186"},{"taxonomy":"post_tag","embeddable":true,"href":"https:\/\/blog.liesdoch.de\/index.php?rest_route=%2Fwp%2Fv2%2Ftags&post=6186"}],"curies":[{"name":"wp","href":"https:\/\/api.w.org\/{rel}","templated":true}]}}