{"id":6191,"date":"2018-08-15T13:27:37","date_gmt":"2018-08-15T11:27:37","guid":{"rendered":"http:\/\/blog.liesdoch.de\/?p=6191"},"modified":"2018-08-15T13:27:37","modified_gmt":"2018-08-15T11:27:37","slug":"holz-wie-ein-naturstoff-geschichte-schreibt","status":"publish","type":"post","link":"https:\/\/blog.liesdoch.de\/?p=6191","title":{"rendered":"Holz. Wie ein Naturstoff Geschichte schreibt"},"content":{"rendered":"<p>&nbsp;<\/p>\n<p>&nbsp;<\/p>\n<p>&nbsp;<\/p>\n<p><a href=\"http:\/\/blog.liesdoch.de\/wp-content\/uploads\/2018\/08\/52404524n.jpg\"><img loading=\"lazy\" decoding=\"async\" class=\"alignnone size-medium wp-image-6192\" src=\"http:\/\/blog.liesdoch.de\/wp-content\/uploads\/2018\/08\/52404524n-187x300.jpg\" alt=\"\" width=\"187\" height=\"300\" srcset=\"https:\/\/blog.liesdoch.de\/wp-content\/uploads\/2018\/08\/52404524n-187x300.jpg 187w, https:\/\/blog.liesdoch.de\/wp-content\/uploads\/2018\/08\/52404524n.jpg 242w\" sizes=\"auto, (max-width: 187px) 100vw, 187px\" \/><\/a><\/p>\n<p>Joachim Radkau, Holz. Wie ein Naturstoff Geschichte schreibt, Oekom 2018, ISBN 978-3-962380-68-7<\/p>\n<p>&nbsp;<\/p>\n<p>&nbsp;<\/p>\n<p>&#8222;Die Dinge und Materialien, mit denen wir t\u00e4glich hantieren, haben oft weite Wege hinter sich, ehe sie zu uns gelangen. Ihre wechselvolle Vorgeschichte wird aber im fertigen Produkt ausgeblendet. Was wir an der Kasse kaufen, pr\u00e4sentiert sich uns als neu und geschichtslos. Wenn man seiner Vorgeschichte nachgeht, st\u00f6\u00dft man auf \u00dcberraschendes und Erstaunliches. Auch Verdr\u00e4ngtes und Unbewusstes taucht auf. Gerade am Leitfaden der Stoffe zeigen sich die Konflikte unserer globalisierten Welt.&#8220;<\/p>\n<p>Der Oekom-Verlag hat in seiner au\u00dfergew\u00f6hnlichen und in der Welt der Sachb\u00fccher einzigartigen Reihe &#8222;Stoffgeschichten&#8220; Stoffe beschrieben, die gesellschaftlich oder politisch relevant sind.<br \/>\nF\u00fcr den Stoff Holz hat er als Autor den Bielefelder Professor Joachim Radkau gewonnen, einen der produktivsten und ausgewiesensten Kenner der Umweltgeschichte und Autor zahlreicher Standardwerke zur Technik- und Umweltgeschichte. Ich erinnere mich zum Beispiel noch gut daran, wie sein Buch \u00fcber die Atomindustrie in den achtziger Jahren uns in der Bewegung gegen die zivile Nutzung der Atomenergie viele hilfreiche, oft aber auch ern\u00fcchternde Hinweise gab.<\/p>\n<p>Seine Stoffgeschichte \u00fcber das Holz ist gut, verst\u00e4ndlich und locker geschrieben, mit zahlreichen den Text erl\u00e4uternden Abbildungen versehen und verfolgt nach seinen eigenen Angaben vor allem zwei Ziele:<br \/>\n&#8222;Zum einen geht es um technische Entwicklungen in der Be- und Verarbeitung des Holzes, zum anderen aber auch darum, am Beispiel des Holzes die Materialgebundenheit der technischen Entwicklung, die Umwelt &#8211; und Ressourcengebundenheit der Sozial- und Wirtschaftsgeschichte deutlich zu machen.&#8220;<\/p>\n<p>Als Enkelsohn eines Zimmermanns und Schreiners, der gro\u00dfe Teile seiner Kindheit in den Werkst\u00e4tten und auf dem Holzplatz des Gro\u00dfvaters verbracht hat, war dieses Buch f\u00fcr mich eine ganz besondere Lekt\u00fcre. Obwohl es mein Gro\u00dfvater sein ganzes Leben lang eher nicht mit den B\u00fcchern hatte, dieses Buch h\u00e4tte ihm gefallen.<\/p>\n<p>Dem Oekom-Verlag ist zu dieser Buchreihe nur zu gratulieren und dem Autor ebenfalls f\u00fcr ein weiteres kluges und anschauliches Buch, das Lust macht an Geschichte und Technikgeschichte und helfen kann, die Zusammenh\u00e4nge in der globalisierten Welt etwas besser zu verstehen.<\/p>\n<p>Mit der hier vorliegenden Neuausgabe hat Radkau sein\u00a0 2007 zum ersten\u00a0 Mal erschienenes Buch \u00fcberarbeitet und erg\u00e4nzt.<\/p>\n<p>&nbsp;<\/p>\n<p>Ein kluges und anschauliches Buch, das Lust macht an Geschichte und Zusammenh\u00e4nge in der globalisierten Welt verst\u00e4ndlich erkl\u00e4rt.<\/p>\n<p>&nbsp;<\/p>\n<p>&nbsp;<\/p>\n<p>&nbsp;<\/p>\n<p>&nbsp;<\/p>\n<p>&nbsp;<\/p>\n","protected":false},"excerpt":{"rendered":"<p>&nbsp; &nbsp; &nbsp; Joachim Radkau, Holz. Wie ein Naturstoff Geschichte schreibt, Oekom 2018, ISBN 978-3-962380-68-7 &nbsp; &nbsp; &#8222;Die Dinge und Materialien, mit denen wir t\u00e4glich hantieren, haben oft weite Wege hinter sich, ehe sie zu uns gelangen. Ihre wechselvolle Vorgeschichte wird aber im fertigen Produkt ausgeblendet. Was wir an der Kasse kaufen, pr\u00e4sentiert sich uns &hellip; <a href=\"https:\/\/blog.liesdoch.de\/?p=6191\" class=\"more-link\"><span class=\"screen-reader-text\">Holz. Wie ein Naturstoff Geschichte schreibt<\/span> weiterlesen <span class=\"meta-nav\">&rarr;<\/span><\/a><\/p>\n","protected":false},"author":6,"featured_media":0,"comment_status":"closed","ping_status":"open","sticky":false,"template":"","format":"standard","meta":{"footnotes":""},"categories":[1],"tags":[],"class_list":["post-6191","post","type-post","status-publish","format-standard","hentry","category-allgemein"],"_links":{"self":[{"href":"https:\/\/blog.liesdoch.de\/index.php?rest_route=\/wp\/v2\/posts\/6191","targetHints":{"allow":["GET"]}}],"collection":[{"href":"https:\/\/blog.liesdoch.de\/index.php?rest_route=\/wp\/v2\/posts"}],"about":[{"href":"https:\/\/blog.liesdoch.de\/index.php?rest_route=\/wp\/v2\/types\/post"}],"author":[{"embeddable":true,"href":"https:\/\/blog.liesdoch.de\/index.php?rest_route=\/wp\/v2\/users\/6"}],"replies":[{"embeddable":true,"href":"https:\/\/blog.liesdoch.de\/index.php?rest_route=%2Fwp%2Fv2%2Fcomments&post=6191"}],"version-history":[{"count":1,"href":"https:\/\/blog.liesdoch.de\/index.php?rest_route=\/wp\/v2\/posts\/6191\/revisions"}],"predecessor-version":[{"id":6193,"href":"https:\/\/blog.liesdoch.de\/index.php?rest_route=\/wp\/v2\/posts\/6191\/revisions\/6193"}],"wp:attachment":[{"href":"https:\/\/blog.liesdoch.de\/index.php?rest_route=%2Fwp%2Fv2%2Fmedia&parent=6191"}],"wp:term":[{"taxonomy":"category","embeddable":true,"href":"https:\/\/blog.liesdoch.de\/index.php?rest_route=%2Fwp%2Fv2%2Fcategories&post=6191"},{"taxonomy":"post_tag","embeddable":true,"href":"https:\/\/blog.liesdoch.de\/index.php?rest_route=%2Fwp%2Fv2%2Ftags&post=6191"}],"curies":[{"name":"wp","href":"https:\/\/api.w.org\/{rel}","templated":true}]}}