{"id":6194,"date":"2018-08-15T13:28:19","date_gmt":"2018-08-15T11:28:19","guid":{"rendered":"http:\/\/blog.liesdoch.de\/?p=6194"},"modified":"2018-08-15T13:28:19","modified_gmt":"2018-08-15T11:28:19","slug":"into-the-light","status":"publish","type":"post","link":"https:\/\/blog.liesdoch.de\/?p=6194","title":{"rendered":"Into the Light"},"content":{"rendered":"<p>&nbsp;<\/p>\n<p>&nbsp;<\/p>\n<p>&nbsp;<\/p>\n<p><a href=\"http:\/\/blog.liesdoch.de\/wp-content\/uploads\/2018\/08\/52630877n.jpg\"><img loading=\"lazy\" decoding=\"async\" class=\"alignnone size-full wp-image-6195\" src=\"http:\/\/blog.liesdoch.de\/wp-content\/uploads\/2018\/08\/52630877n.jpg\" alt=\"\" width=\"242\" height=\"285\" \/><\/a><\/p>\n<p>Tom Jacobi, Into the Light, Hirmer 2018, ISBN 978-3-7774-3184-0<\/p>\n<p>&nbsp;<\/p>\n<p>Die Farbe Wei\u00df hat in der Geschichte der Menschheit schon immer eine besondere Bedeutung. Die Reinheit glei\u00dfender Helligkeit und die Symbolik der Farbe Wei\u00df hat f\u00fcr die Menschen\u00a0 seit jeher eine magische Anziehungskraft. Aus den meisten Religionen und Weltanschauungen ist sie nicht wegzudenken. In der Sch\u00f6pfungsgeschichte der Genesis spricht Gott, \u201eEs werde Licht!\u201c, und bei den alten \u00c4gyptern war Wei\u00df die Farbe der Freude. Als \u00bbein Kind der wei\u00dfen Henne\u00ab bezeichneten die R\u00f6mer jemanden, der immer Gl\u00fcck hatte. Die wei\u00dfe Lotusbl\u00fcte ist im Buddhismus das Symbol der Erleuchtung. Doch auch in der Natur wirkt Wei\u00df auf den Menschen: der antarktische Sommer zeigt eine der ergreifendsten Landschaften in Wei\u00df.<\/p>\n<p>&nbsp;<\/p>\n<p>Sieben Kontinente hat der Fotograf TomJacobi bereist und vom Licht erf\u00fcllte Landschaften festgehalten, in denen die Zeit stilzustehen scheint.<\/p>\n<p>Seine Landschaftsaufnahmen zelebrieren die Farbe Wei\u00df auf beeindruckende Weise: monumental, magisch, als das Gegenteil von Schwarz, als Licht gegen\u00fcber dem Nichts und dem Chaos. Sie bieten dem Betrachter eine Menge Raum f\u00fcr das Staunen und die Kontemplation.<\/p>\n<p>&nbsp;<\/p>\n<p>Sie geben einen Eindruck davon, \u201ewas das Licht des G\u00f6ttlichen uns auf unserem Planeten offenbart\u201c. (Satjiv Singh Chalil)<\/p>\n<p>&nbsp;<\/p>\n","protected":false},"excerpt":{"rendered":"<p>&nbsp; &nbsp; &nbsp; Tom Jacobi, Into the Light, Hirmer 2018, ISBN 978-3-7774-3184-0 &nbsp; Die Farbe Wei\u00df hat in der Geschichte der Menschheit schon immer eine besondere Bedeutung. Die Reinheit glei\u00dfender Helligkeit und die Symbolik der Farbe Wei\u00df hat f\u00fcr die Menschen\u00a0 seit jeher eine magische Anziehungskraft. Aus den meisten Religionen und Weltanschauungen ist sie nicht &hellip; <a href=\"https:\/\/blog.liesdoch.de\/?p=6194\" class=\"more-link\"><span class=\"screen-reader-text\">Into the Light<\/span> weiterlesen <span class=\"meta-nav\">&rarr;<\/span><\/a><\/p>\n","protected":false},"author":6,"featured_media":0,"comment_status":"closed","ping_status":"open","sticky":false,"template":"","format":"standard","meta":{"footnotes":""},"categories":[1],"tags":[],"class_list":["post-6194","post","type-post","status-publish","format-standard","hentry","category-allgemein"],"_links":{"self":[{"href":"https:\/\/blog.liesdoch.de\/index.php?rest_route=\/wp\/v2\/posts\/6194","targetHints":{"allow":["GET"]}}],"collection":[{"href":"https:\/\/blog.liesdoch.de\/index.php?rest_route=\/wp\/v2\/posts"}],"about":[{"href":"https:\/\/blog.liesdoch.de\/index.php?rest_route=\/wp\/v2\/types\/post"}],"author":[{"embeddable":true,"href":"https:\/\/blog.liesdoch.de\/index.php?rest_route=\/wp\/v2\/users\/6"}],"replies":[{"embeddable":true,"href":"https:\/\/blog.liesdoch.de\/index.php?rest_route=%2Fwp%2Fv2%2Fcomments&post=6194"}],"version-history":[{"count":1,"href":"https:\/\/blog.liesdoch.de\/index.php?rest_route=\/wp\/v2\/posts\/6194\/revisions"}],"predecessor-version":[{"id":6196,"href":"https:\/\/blog.liesdoch.de\/index.php?rest_route=\/wp\/v2\/posts\/6194\/revisions\/6196"}],"wp:attachment":[{"href":"https:\/\/blog.liesdoch.de\/index.php?rest_route=%2Fwp%2Fv2%2Fmedia&parent=6194"}],"wp:term":[{"taxonomy":"category","embeddable":true,"href":"https:\/\/blog.liesdoch.de\/index.php?rest_route=%2Fwp%2Fv2%2Fcategories&post=6194"},{"taxonomy":"post_tag","embeddable":true,"href":"https:\/\/blog.liesdoch.de\/index.php?rest_route=%2Fwp%2Fv2%2Ftags&post=6194"}],"curies":[{"name":"wp","href":"https:\/\/api.w.org\/{rel}","templated":true}]}}