{"id":6230,"date":"2018-08-21T16:32:58","date_gmt":"2018-08-21T14:32:58","guid":{"rendered":"http:\/\/blog.liesdoch.de\/?p=6230"},"modified":"2018-08-21T16:32:58","modified_gmt":"2018-08-21T14:32:58","slug":"wie-man-die-zeit-anhaelt","status":"publish","type":"post","link":"https:\/\/blog.liesdoch.de\/?p=6230","title":{"rendered":"Wie man die Zeit anh\u00e4lt"},"content":{"rendered":"<p>&nbsp;<\/p>\n<p>&nbsp;<\/p>\n<p>&nbsp;<\/p>\n<p>&nbsp;<\/p>\n<p><a href=\"http:\/\/blog.liesdoch.de\/wp-content\/uploads\/2018\/08\/50063691n.jpg\"><img loading=\"lazy\" decoding=\"async\" class=\"alignnone size-medium wp-image-6231\" src=\"http:\/\/blog.liesdoch.de\/wp-content\/uploads\/2018\/08\/50063691n-193x300.jpg\" alt=\"\" width=\"193\" height=\"300\" srcset=\"https:\/\/blog.liesdoch.de\/wp-content\/uploads\/2018\/08\/50063691n-193x300.jpg 193w, https:\/\/blog.liesdoch.de\/wp-content\/uploads\/2018\/08\/50063691n.jpg 242w\" sizes=\"auto, (max-width: 193px) 100vw, 193px\" \/><\/a><\/p>\n<p>Matt Haig, Wie man die Zeit anh\u00e4lt, DTV 2018, ISBN 978-3-423-28167-6<\/p>\n<p>&nbsp;<\/p>\n<p>Matt Haig besch\u00e4ftigt sich in seinem neuen Roman \u201eWie man die Zeit anh\u00e4lt\u201c auf eine philosophische und dennoch \u00fcberaus spannende Weise mit Thema Zeit. Hauptperson ist der ich-erz\u00e4hlende Geschichtslehrer Tom Hazard, der nach England gekommen ist, um dort in einer Schule einen neuen Job anzutreten. Schnell begeistert er seine Sch\u00fcler mit seinem unkonventionellen Unterricht.<\/p>\n<p>&nbsp;<\/p>\n<p>Privat ist Tom eher ein Einzelg\u00e4nger, denn er hat eine lange Lebensgeschichte zu verbergen. Er sieht zwar aus wie vierzig, doch 1581 geboren, ist er ein Vielfaches \u00e4lter. Tom Hazard geh\u00f6rt zu der Spezies der Albatrosse. Anders als normale Menschen (\u201eEintagsfliegen\u201c) altern die Albatrosse kaum. Doch gerade deswegen fallen sie bald auf und sehen sich Verfolgungen von normalen Menschen ausgesetzt Deshalb wechselt Tom alles acht Jahre seinen Aufenthaltsort. Denn\u00a0 wirkliche N\u00e4he zu anderen Menschen, die bei l\u00e4ngerem Aufenthalt zwangsl\u00e4ufig eintreten w\u00fcrde ist f\u00fcr Albatrosse gef\u00e4hrlich. Doch schon kurz nachdem er seine neue T\u00e4tigkeit in England aufgenommen hat, verliebt er sich in seine Kollegin Camille.<\/p>\n<p>&nbsp;<\/p>\n<p>Kann man die Zeit anhalten? Kann Tom sich aus seinem Schicksal als Albatros befreien? Matt Haig l\u00e4sst ihn quer durch die Jahrhunderte seine Erlebnisse schildern, was f\u00fcr den Leser eine \u00fcberaus informative Reise durch die Geschichte seit dem 16. Jahrhundert ist. Immer galt die Regel: niemals sich auf Sterbliche einlassen, denn dann, so zeigt die Geschichte sind alle in Gefahr.<\/p>\n<p>&nbsp;<\/p>\n<p>Gesch\u00fctzt werden die Albatrosse durch einen der Ihren namens Hendrich, der auch Tom immer wieder Auftr\u00e4ge erteilt, die in alle m\u00f6glichen L\u00e4ndern f\u00fchren und bei den er andere Albatrosse vor den F\u00e4ngern ihrer H\u00e4scher retten soll.<\/p>\n<p>In diesem spannenden und sehr lehrreichen Roman geht es um innere\u00a0 Zerrissenheit, um die gro\u00dfe Sehnsucht nach einem Lebenssinn und dem\u00a0 tiefen Bed\u00fcrfnis zu \u201eSein\u201c. Die Geschichte ist durchgehend dramatisch aufgebaut, mit vielen Zeitspr\u00fcngen aus der Gegenwart in viele unterschiedliche\u00a0 Vergangenheiten und wieder zur\u00fcck und fordert so dem Leser einige Aufmerksamkeit ab.<\/p>\n<p>Tom Hazard flieht sein ganzes jahrhundertelanges\u00a0 Leben lang, doch immer wieder holt ihn etwas ein was er \u201eErinnerungsschmerz\u201c nennt.<\/p>\n<p>&nbsp;<\/p>\n<p>Nicht nur, weil man nicht wei\u00df, wie Tom mit seiner Liebe zu Camille umgehen wird, sondern auch wegen der im Laufe des Buches zunehmenden Zwielichtigkeit von Hendrich h\u00e4lt Matt Haig mit dieser wunderbar phantasievollen Geschichte den Spannungsbogen hoch bis zum Ende.<\/p>\n<p>&nbsp;<\/p>\n<p>Ich habe das Buch w\u00e4hrend nach eine OP im Krankenhaus an einem Tag in einem Rutsch gelesen. Ich war begeistert. Es ist magisch, spannend und an manchen Stellen auch sehr traurig.<\/p>\n<p>&nbsp;<\/p>\n<p>&nbsp;<\/p>\n<p>&nbsp;<\/p>\n","protected":false},"excerpt":{"rendered":"<p>&nbsp; &nbsp; &nbsp; &nbsp; Matt Haig, Wie man die Zeit anh\u00e4lt, DTV 2018, ISBN 978-3-423-28167-6 &nbsp; Matt Haig besch\u00e4ftigt sich in seinem neuen Roman \u201eWie man die Zeit anh\u00e4lt\u201c auf eine philosophische und dennoch \u00fcberaus spannende Weise mit Thema Zeit. Hauptperson ist der ich-erz\u00e4hlende Geschichtslehrer Tom Hazard, der nach England gekommen ist, um dort in &hellip; <a href=\"https:\/\/blog.liesdoch.de\/?p=6230\" class=\"more-link\"><span class=\"screen-reader-text\">Wie man die Zeit anh\u00e4lt<\/span> weiterlesen <span class=\"meta-nav\">&rarr;<\/span><\/a><\/p>\n","protected":false},"author":6,"featured_media":0,"comment_status":"closed","ping_status":"open","sticky":false,"template":"","format":"standard","meta":{"footnotes":""},"categories":[1],"tags":[],"class_list":["post-6230","post","type-post","status-publish","format-standard","hentry","category-allgemein"],"_links":{"self":[{"href":"https:\/\/blog.liesdoch.de\/index.php?rest_route=\/wp\/v2\/posts\/6230","targetHints":{"allow":["GET"]}}],"collection":[{"href":"https:\/\/blog.liesdoch.de\/index.php?rest_route=\/wp\/v2\/posts"}],"about":[{"href":"https:\/\/blog.liesdoch.de\/index.php?rest_route=\/wp\/v2\/types\/post"}],"author":[{"embeddable":true,"href":"https:\/\/blog.liesdoch.de\/index.php?rest_route=\/wp\/v2\/users\/6"}],"replies":[{"embeddable":true,"href":"https:\/\/blog.liesdoch.de\/index.php?rest_route=%2Fwp%2Fv2%2Fcomments&post=6230"}],"version-history":[{"count":1,"href":"https:\/\/blog.liesdoch.de\/index.php?rest_route=\/wp\/v2\/posts\/6230\/revisions"}],"predecessor-version":[{"id":6232,"href":"https:\/\/blog.liesdoch.de\/index.php?rest_route=\/wp\/v2\/posts\/6230\/revisions\/6232"}],"wp:attachment":[{"href":"https:\/\/blog.liesdoch.de\/index.php?rest_route=%2Fwp%2Fv2%2Fmedia&parent=6230"}],"wp:term":[{"taxonomy":"category","embeddable":true,"href":"https:\/\/blog.liesdoch.de\/index.php?rest_route=%2Fwp%2Fv2%2Fcategories&post=6230"},{"taxonomy":"post_tag","embeddable":true,"href":"https:\/\/blog.liesdoch.de\/index.php?rest_route=%2Fwp%2Fv2%2Ftags&post=6230"}],"curies":[{"name":"wp","href":"https:\/\/api.w.org\/{rel}","templated":true}]}}