{"id":6246,"date":"2018-08-23T10:22:01","date_gmt":"2018-08-23T08:22:01","guid":{"rendered":"http:\/\/blog.liesdoch.de\/?p=6246"},"modified":"2018-08-23T10:22:01","modified_gmt":"2018-08-23T08:22:01","slug":"steht-auf-frauen-im-markusevangelium-als-provokation-fuer-heute","status":"publish","type":"post","link":"https:\/\/blog.liesdoch.de\/?p=6246","title":{"rendered":"Steht auf ! Frauen im Markusevangelium als Provokation f\u00fcr heute"},"content":{"rendered":"<p>&nbsp;<\/p>\n<p>&nbsp;<\/p>\n<p><a href=\"http:\/\/blog.liesdoch.de\/wp-content\/uploads\/2018\/08\/52389615n.jpg\"><img loading=\"lazy\" decoding=\"async\" class=\"alignnone size-medium wp-image-6247\" src=\"http:\/\/blog.liesdoch.de\/wp-content\/uploads\/2018\/08\/52389615n-183x300.jpg\" alt=\"\" width=\"183\" height=\"300\" srcset=\"https:\/\/blog.liesdoch.de\/wp-content\/uploads\/2018\/08\/52389615n-183x300.jpg 183w, https:\/\/blog.liesdoch.de\/wp-content\/uploads\/2018\/08\/52389615n.jpg 242w\" sizes=\"auto, (max-width: 183px) 100vw, 183px\" \/><\/a><\/p>\n<p>Johannes Eckert, Steht auf. Frauen im Markusevangelium als Provokation f\u00fcr heute, Herder 2018, ISBN 978-3-451-38153-9<\/p>\n<p>&nbsp;<\/p>\n<p>Schon lange mag er bei seiner Bibellekt\u00fcre \u00fcber sie nachgedacht haben. Jene Frauen im Markusevangelium, dem \u00e4ltesten Evangelium im Neuen Testament. Der 1969 geborene Johannes Eckert, seit 2003 junger Abt der Benediktinerabtei St. Bonifaz in M\u00fcnchen und Andechs hat seine Gedanken dazu nun in einem kleinen Buch zusammengefasst. In diesem Buch mit dem Titel \u201eSteht auf!\u201c geht er den Geschichten dieser namenlosen Frauen nach und entdeckt dabei provozierende Botschaften f\u00fcr uns und f\u00fcr die Kirche heute.<\/p>\n<p>&nbsp;<\/p>\n<p>Diese sechs Frauen, alle ohne Namen, die da im Markusevangelium zu Wort kommen bzw. beschrieben werden, waren schon damals eine Provokation. Sie ergreifen das Wort, korrigieren Jesus, ihren Meister und vor allen Dingen vertrauten und glaubten sie ihm und Gott bedingungslos.<\/p>\n<p>&nbsp;<\/p>\n<p>Auf seiner biblischen Spurensuche durch das \u00e4lteste Evangelium entdeckt Johanes Eckert provozierende Botschaften f\u00fcr uns als Gl\u00e4ubige und f\u00fcr die katholische Kirche.<\/p>\n<p>&nbsp;<\/p>\n<p>Schwierige und umstrittene Themen werden aufgegriffen wie Kirchensteuer, Z\u00f6libat und die Frage, warum nicht auch Frauen \u00c4mter wie Priester und Kardinal in der Kirche aus\u00fcben k\u00f6nnen.<br \/>\n&nbsp;<\/p>\n<p>Es ist faszinierend zu lesen, wie Eckert aus den Geschichten und Worten jener namenlosen Frauen wirklich weiterf\u00fchrenden Gedanken f\u00fcr die Gegenwart formuliert, provokativ und ehrlich:<\/p>\n<p>&nbsp;<\/p>\n<p>Und wieder frage ich mich, warum Eugen Drewermann mit seiner Theologie noch immer ausgeschlossen ist.<\/p>\n<p>&nbsp;<\/p>\n<p>&nbsp;<\/p>\n","protected":false},"excerpt":{"rendered":"<p>&nbsp; &nbsp; Johannes Eckert, Steht auf. Frauen im Markusevangelium als Provokation f\u00fcr heute, Herder 2018, ISBN 978-3-451-38153-9 &nbsp; Schon lange mag er bei seiner Bibellekt\u00fcre \u00fcber sie nachgedacht haben. Jene Frauen im Markusevangelium, dem \u00e4ltesten Evangelium im Neuen Testament. Der 1969 geborene Johannes Eckert, seit 2003 junger Abt der Benediktinerabtei St. Bonifaz in M\u00fcnchen und &hellip; <a href=\"https:\/\/blog.liesdoch.de\/?p=6246\" class=\"more-link\"><span class=\"screen-reader-text\">Steht auf ! Frauen im Markusevangelium als Provokation f\u00fcr heute<\/span> weiterlesen <span class=\"meta-nav\">&rarr;<\/span><\/a><\/p>\n","protected":false},"author":6,"featured_media":0,"comment_status":"closed","ping_status":"open","sticky":false,"template":"","format":"standard","meta":{"footnotes":""},"categories":[1],"tags":[],"class_list":["post-6246","post","type-post","status-publish","format-standard","hentry","category-allgemein"],"_links":{"self":[{"href":"https:\/\/blog.liesdoch.de\/index.php?rest_route=\/wp\/v2\/posts\/6246","targetHints":{"allow":["GET"]}}],"collection":[{"href":"https:\/\/blog.liesdoch.de\/index.php?rest_route=\/wp\/v2\/posts"}],"about":[{"href":"https:\/\/blog.liesdoch.de\/index.php?rest_route=\/wp\/v2\/types\/post"}],"author":[{"embeddable":true,"href":"https:\/\/blog.liesdoch.de\/index.php?rest_route=\/wp\/v2\/users\/6"}],"replies":[{"embeddable":true,"href":"https:\/\/blog.liesdoch.de\/index.php?rest_route=%2Fwp%2Fv2%2Fcomments&post=6246"}],"version-history":[{"count":1,"href":"https:\/\/blog.liesdoch.de\/index.php?rest_route=\/wp\/v2\/posts\/6246\/revisions"}],"predecessor-version":[{"id":6248,"href":"https:\/\/blog.liesdoch.de\/index.php?rest_route=\/wp\/v2\/posts\/6246\/revisions\/6248"}],"wp:attachment":[{"href":"https:\/\/blog.liesdoch.de\/index.php?rest_route=%2Fwp%2Fv2%2Fmedia&parent=6246"}],"wp:term":[{"taxonomy":"category","embeddable":true,"href":"https:\/\/blog.liesdoch.de\/index.php?rest_route=%2Fwp%2Fv2%2Fcategories&post=6246"},{"taxonomy":"post_tag","embeddable":true,"href":"https:\/\/blog.liesdoch.de\/index.php?rest_route=%2Fwp%2Fv2%2Ftags&post=6246"}],"curies":[{"name":"wp","href":"https:\/\/api.w.org\/{rel}","templated":true}]}}