{"id":6268,"date":"2018-08-29T10:19:27","date_gmt":"2018-08-29T08:19:27","guid":{"rendered":"http:\/\/blog.liesdoch.de\/?p=6268"},"modified":"2018-08-29T10:19:27","modified_gmt":"2018-08-29T08:19:27","slug":"ein-unvergaenglicher-sommer","status":"publish","type":"post","link":"https:\/\/blog.liesdoch.de\/?p=6268","title":{"rendered":"Ein unverg\u00e4nglicher Sommer"},"content":{"rendered":"<p>&nbsp;<\/p>\n<p>&nbsp;<\/p>\n<p>&nbsp;<\/p>\n<p>&nbsp;<\/p>\n<p>&nbsp;<\/p>\n<p>&nbsp;<\/p>\n<p><a href=\"http:\/\/blog.liesdoch.de\/wp-content\/uploads\/2018\/08\/52365880n.jpg\"><img loading=\"lazy\" decoding=\"async\" class=\"alignnone size-medium wp-image-6269\" src=\"http:\/\/blog.liesdoch.de\/wp-content\/uploads\/2018\/08\/52365880n-179x300.jpg\" alt=\"\" width=\"179\" height=\"300\" srcset=\"https:\/\/blog.liesdoch.de\/wp-content\/uploads\/2018\/08\/52365880n-179x300.jpg 179w, https:\/\/blog.liesdoch.de\/wp-content\/uploads\/2018\/08\/52365880n.jpg 239w\" sizes=\"auto, (max-width: 179px) 100vw, 179px\" \/><\/a>I<\/p>\n<p>Isabel Allende, Ein unverg\u00e4nglicher Sommer, Suhrkamp 2018, ISBN 978-3-518-42830-6<\/p>\n<p>&nbsp;<\/p>\n<p>Auf mehreren Zeitebenen angesiedelt ist der neue Roman der Erfolgsautorin Isabel Allende. Auf der Gegenwartsebene f\u00fchrt sie ihre Leser in das winterliche Brooklyn in New York. Der an der New York University lateinamerikanische Politik lehrende Richard hat auf den glatten Stra\u00dfen auf seinem Heimweg einen Auffahrunfall. Er gibt der Unfallgegnerin seine Karte und denkt sich nichts weiter dabei. Die Versicherungen werden das regeln. Doch kaum ist der allein lebende und eigenbr\u00f6tlerische Professor wieder zu Hause, klingelt es und die Fahrerin des anderen Autos steht vor seiner T\u00fcr.<\/p>\n<p>Sie hei\u00dft Evelyn, stammt aus Guatemala und arbeitet bei einer Familie als Kinderm\u00e4dchen. Sie ist extrem ver\u00e4ngstigt, weil sie als Illegale im Land lebt und steht v\u00f6llig aufgel\u00f6st vor Richard, als sie ihm erz\u00e4hlt, sie habe den Wagen ihres Arbeitsgebers gegen dessen Erlaubnis benutzt um trotz der Gl\u00e4tte dringend ben\u00f6tigte Windeln zu kaufen f\u00fcr das Kind, das sie quasi rund um die Uhr betreut. Und au\u00dferdem liege eine gefrorene Leiche im Kofferraum des Wagens.<\/p>\n<p>&nbsp;<\/p>\n<p>Richard wendet sich an die in seinem ziemlich heruntergekommenen Souterrain wohnende Untermieterin Lucia, die er aus Chile als Dozentin an seinen Fachbereich geholt hat. Lucia hat zwei B\u00fccher \u00fcber die vielen Verschwundenen nach dem Milit\u00e4rputsch 1973 geschrieben, zu denen auch ihr Bruder geh\u00f6rte. Schon seit einiger Zeit, so stellt sich heraus, f\u00fchlen sich Lucia und Richard zueinander hingezogen, doch erst w\u00e4hrend der Aktion in den n\u00e4chsten beiden Tagen kommen sie sich wirklich n\u00e4her.<\/p>\n<p>&nbsp;<\/p>\n<p>Es wird n\u00e4mlich ziemlich schnell klar, dass sie wegen des illegalen Staus von Evelyn auf keinen Fall die Polizei informieren d\u00fcrfen. Sie beschlie\u00dfen nach anf\u00e4nglichem Widerstand Richards, die Leiche verschwinden zu lassen. In diese, etwa ein Drittel des Buches umfassende Rahmenhandlung mit der zarten, sp\u00e4ten Liebesgeschichte zwischen Lucia und Richard, erz\u00e4hlt Isabel Allende in R\u00fcckblenden die durchweg dramatischen und bewegenden Lebensgeschichten von Richard, Lucia und Evelyn.<\/p>\n<p>&nbsp;<\/p>\n<p>Evelyns Kindheit und Jugend in Guatemala wird erz\u00e4hlt und die dramatische Geschichte ihrer Flucht mit Schleppern in die USA. Mit der Geschichte Lucias reflektiert Isabel Allende viel von ihrer eigenen Geschichte vor und nach dem Milit\u00e4rputsch in Chile 1973. Und auch Richards wechselvolle Vita hat viel mit Lateinamerika zu tun, lebte er doch lange in Brasilien, dessen Politik auch Thema seiner Dissertation war.<\/p>\n<p>&nbsp;<\/p>\n<p>Indem Isabel Allende abwechselnd mit der fortschreitenden Rahmenhandlung in den R\u00fcckblicken von Richard, Evelyn und Lucia viel lateinamerikanische Geschichte der letzten Jahrzehnte reflektiert (oft Thema ihrer Romane), verschafft sie insbesondere ihren j\u00fcngeren Lesern, die diese Zeit nicht pers\u00f6nlich erlebt haben, eine wichtige Informationsquelle. Besonders Evelyns Geschichte reflektiert die Erfahrungen von Fl\u00fcchtenden \u00fcberall auf der Welt.<\/p>\n<p>&nbsp;<\/p>\n<p>Nach einer ersten unsicheren Nacht in Richards Wohnung machen die drei sich noch im Morgengrauen auf den Weg in die n\u00f6rdlichen W\u00e4lder zu einer H\u00fctte an einem See. Dort wollen sie das Auto mit der Leiche versenken.\u00a0 Diese abenteuerliche Reise mit einem v\u00f6llig \u00fcberraschenden Ausgang wird alle drei Protagonisten des Romans ver\u00e4ndern. W\u00e4hrend sie unterwegs sind, die Leiche, deren Identit\u00e4t Evelyn mittlerweile offenbart hat, verschwinden zu lassen entwickelt sich zwischen Richard und Lucia eine Liebesgeschichte, von der beide nicht mehr gedacht hatten, sie zu Lebzeiten zu erleben.<\/p>\n<p>&nbsp;<\/p>\n<p>\u201eEin unverg\u00e4nglicher Sommer\u201c ist ein politischer Roman mit vielen spirituellen Notizen, ein Roman mit drei unterschiedlichen Fluchtgeschichten und ein Buch voller Hoffnung auf\u00a0 Erl\u00f6sung von einer als schrecklich erlebten Vergangenheit, auf neuen Anfang und neue Liebe auch im sp\u00e4ten Alter.<\/p>\n<p>&nbsp;<\/p>\n<p>Das Buch passt mit seiner Fluchtthematik in unsere Zeit und erz\u00e4hlt wie immer bei Allende von starken Frauen.<\/p>\n<p>&nbsp;<\/p>\n<p>Die im eisigen Schnee spielende Gegenwartshandlung l\u00e4sst den Titel lange unverst\u00e4ndlich erscheinen, bis er am Ende einen tiefen lyrischen Sinn erh\u00e4lt.<\/p>\n<p>&nbsp;<\/p>\n<p>&nbsp;<\/p>\n<p>&nbsp;<\/p>\n<p>&nbsp;<\/p>\n<p>&nbsp;<\/p>\n<p>&nbsp;<\/p>\n","protected":false},"excerpt":{"rendered":"<p>&nbsp; &nbsp; &nbsp; &nbsp; &nbsp; &nbsp; I Isabel Allende, Ein unverg\u00e4nglicher Sommer, Suhrkamp 2018, ISBN 978-3-518-42830-6 &nbsp; Auf mehreren Zeitebenen angesiedelt ist der neue Roman der Erfolgsautorin Isabel Allende. Auf der Gegenwartsebene f\u00fchrt sie ihre Leser in das winterliche Brooklyn in New York. Der an der New York University lateinamerikanische Politik lehrende Richard hat auf &hellip; <a href=\"https:\/\/blog.liesdoch.de\/?p=6268\" class=\"more-link\"><span class=\"screen-reader-text\">Ein unverg\u00e4nglicher Sommer<\/span> weiterlesen <span class=\"meta-nav\">&rarr;<\/span><\/a><\/p>\n","protected":false},"author":6,"featured_media":0,"comment_status":"closed","ping_status":"open","sticky":false,"template":"","format":"standard","meta":{"footnotes":""},"categories":[1],"tags":[],"class_list":["post-6268","post","type-post","status-publish","format-standard","hentry","category-allgemein"],"_links":{"self":[{"href":"https:\/\/blog.liesdoch.de\/index.php?rest_route=\/wp\/v2\/posts\/6268","targetHints":{"allow":["GET"]}}],"collection":[{"href":"https:\/\/blog.liesdoch.de\/index.php?rest_route=\/wp\/v2\/posts"}],"about":[{"href":"https:\/\/blog.liesdoch.de\/index.php?rest_route=\/wp\/v2\/types\/post"}],"author":[{"embeddable":true,"href":"https:\/\/blog.liesdoch.de\/index.php?rest_route=\/wp\/v2\/users\/6"}],"replies":[{"embeddable":true,"href":"https:\/\/blog.liesdoch.de\/index.php?rest_route=%2Fwp%2Fv2%2Fcomments&post=6268"}],"version-history":[{"count":1,"href":"https:\/\/blog.liesdoch.de\/index.php?rest_route=\/wp\/v2\/posts\/6268\/revisions"}],"predecessor-version":[{"id":6270,"href":"https:\/\/blog.liesdoch.de\/index.php?rest_route=\/wp\/v2\/posts\/6268\/revisions\/6270"}],"wp:attachment":[{"href":"https:\/\/blog.liesdoch.de\/index.php?rest_route=%2Fwp%2Fv2%2Fmedia&parent=6268"}],"wp:term":[{"taxonomy":"category","embeddable":true,"href":"https:\/\/blog.liesdoch.de\/index.php?rest_route=%2Fwp%2Fv2%2Fcategories&post=6268"},{"taxonomy":"post_tag","embeddable":true,"href":"https:\/\/blog.liesdoch.de\/index.php?rest_route=%2Fwp%2Fv2%2Ftags&post=6268"}],"curies":[{"name":"wp","href":"https:\/\/api.w.org\/{rel}","templated":true}]}}