{"id":6303,"date":"2018-09-04T13:49:07","date_gmt":"2018-09-04T11:49:07","guid":{"rendered":"http:\/\/blog.liesdoch.de\/?p=6303"},"modified":"2018-09-04T13:49:07","modified_gmt":"2018-09-04T11:49:07","slug":"die-welt-der-rekorde-unglaubliches-aus-aller-welt-der-atlas-der-extreme","status":"publish","type":"post","link":"https:\/\/blog.liesdoch.de\/?p=6303","title":{"rendered":"Die Welt der Rekorde. Unglaubliches aus aller Welt. Der Atlas der Extreme"},"content":{"rendered":"<p>&nbsp;<\/p>\n<p>&nbsp;<\/p>\n<p><a href=\"http:\/\/blog.liesdoch.de\/wp-content\/uploads\/2018\/09\/52485980n.jpg\"><img loading=\"lazy\" decoding=\"async\" class=\"alignnone size-medium wp-image-6304\" src=\"http:\/\/blog.liesdoch.de\/wp-content\/uploads\/2018\/09\/52485980n-221x300.jpg\" alt=\"\" width=\"221\" height=\"300\" srcset=\"https:\/\/blog.liesdoch.de\/wp-content\/uploads\/2018\/09\/52485980n-221x300.jpg 221w, https:\/\/blog.liesdoch.de\/wp-content\/uploads\/2018\/09\/52485980n.jpg 242w\" sizes=\"auto, (max-width: 221px) 100vw, 221px\" \/><\/a><\/p>\n<p>Sarah Tavernier, Die Welt der Rekorde. Unglaubliches aus aller Welt. Der Atlas der Extreme, Kleine Gestalten 2018, ISBN 978-3-89955-813-5<\/p>\n<p>&nbsp;<\/p>\n<p>Ich kann mich noch sehr gut erinnern, dass ich in meiner Kindheit nicht nur sehr viele B\u00fccher gelesen habe, sondern auch ein Faible hatte f\u00fcr Rekorde und die sie dokumentierenden Statistiken.<\/p>\n<p>&nbsp;<\/p>\n<p>Das vorliegende zuerst in Frankreich erschienene gro\u00dfe Buch \u00fcber die Welt der Rekorde, \u00fcber Unglaubliches aus aller Welt, dieser Atlas der Extreme h\u00e4tte mich damals sicher \u00fcber Wochen besch\u00e4ftigt und in Atem gehalten.<\/p>\n<p>&nbsp;<\/p>\n<p>Genauso wird es heutigen Kindern gehen, die dieses gro\u00dfe Buch in H\u00e4nden halten, sei es in der Schulbibliothek oder zu Hause, wenn die Eltern es ihnen gekauft haben.<\/p>\n<p>Es richtet sich an Kinder, die schon lesen k\u00f6nnen und die schon fr\u00fch Interesse zeigen f\u00fcr Ph\u00e4nomene ihrer Umwelt und der Natur.<\/p>\n<p>&nbsp;<\/p>\n<p>Die Rekorde und Extreme sind in Kapitel aufgeteilt. Da geht es um:<\/p>\n<ul>\n<li>Die Kleinsten. Die Gr\u00f6\u00dften<\/li>\n<li>Die Leichtesten. Die Schwersten<\/li>\n<li>Die Langsamsten. Die Schnellsten<\/li>\n<li>Die K\u00fcrzesten. Die L\u00e4ngsten<\/li>\n<li>Am Leisesten. Am Lautesten<\/li>\n<li>Die K\u00e4ltesten. Die Heissesten<\/li>\n<\/ul>\n<p>&nbsp;<\/p>\n<p>Ein wunderbares Buch, das nicht nur Sch\u00fcler zum Schm\u00f6kern und St\u00f6bern einl\u00e4dt. Auch f\u00fcr entsprechend interessierte Erwachsene sehr zu empfehlen.<\/p>\n","protected":false},"excerpt":{"rendered":"<p>&nbsp; &nbsp; Sarah Tavernier, Die Welt der Rekorde. Unglaubliches aus aller Welt. Der Atlas der Extreme, Kleine Gestalten 2018, ISBN 978-3-89955-813-5 &nbsp; Ich kann mich noch sehr gut erinnern, dass ich in meiner Kindheit nicht nur sehr viele B\u00fccher gelesen habe, sondern auch ein Faible hatte f\u00fcr Rekorde und die sie dokumentierenden Statistiken. &nbsp; Das &hellip; <a href=\"https:\/\/blog.liesdoch.de\/?p=6303\" class=\"more-link\"><span class=\"screen-reader-text\">Die Welt der Rekorde. Unglaubliches aus aller Welt. Der Atlas der Extreme<\/span> weiterlesen <span class=\"meta-nav\">&rarr;<\/span><\/a><\/p>\n","protected":false},"author":6,"featured_media":0,"comment_status":"closed","ping_status":"open","sticky":false,"template":"","format":"standard","meta":{"footnotes":""},"categories":[1],"tags":[],"class_list":["post-6303","post","type-post","status-publish","format-standard","hentry","category-allgemein"],"_links":{"self":[{"href":"https:\/\/blog.liesdoch.de\/index.php?rest_route=\/wp\/v2\/posts\/6303","targetHints":{"allow":["GET"]}}],"collection":[{"href":"https:\/\/blog.liesdoch.de\/index.php?rest_route=\/wp\/v2\/posts"}],"about":[{"href":"https:\/\/blog.liesdoch.de\/index.php?rest_route=\/wp\/v2\/types\/post"}],"author":[{"embeddable":true,"href":"https:\/\/blog.liesdoch.de\/index.php?rest_route=\/wp\/v2\/users\/6"}],"replies":[{"embeddable":true,"href":"https:\/\/blog.liesdoch.de\/index.php?rest_route=%2Fwp%2Fv2%2Fcomments&post=6303"}],"version-history":[{"count":1,"href":"https:\/\/blog.liesdoch.de\/index.php?rest_route=\/wp\/v2\/posts\/6303\/revisions"}],"predecessor-version":[{"id":6305,"href":"https:\/\/blog.liesdoch.de\/index.php?rest_route=\/wp\/v2\/posts\/6303\/revisions\/6305"}],"wp:attachment":[{"href":"https:\/\/blog.liesdoch.de\/index.php?rest_route=%2Fwp%2Fv2%2Fmedia&parent=6303"}],"wp:term":[{"taxonomy":"category","embeddable":true,"href":"https:\/\/blog.liesdoch.de\/index.php?rest_route=%2Fwp%2Fv2%2Fcategories&post=6303"},{"taxonomy":"post_tag","embeddable":true,"href":"https:\/\/blog.liesdoch.de\/index.php?rest_route=%2Fwp%2Fv2%2Ftags&post=6303"}],"curies":[{"name":"wp","href":"https:\/\/api.w.org\/{rel}","templated":true}]}}