{"id":632,"date":"2015-10-13T12:04:22","date_gmt":"2015-10-13T10:04:22","guid":{"rendered":"http:\/\/blog.liesdoch.de\/?p=632"},"modified":"2015-10-13T12:04:22","modified_gmt":"2015-10-13T10:04:22","slug":"die-grossen-crashs-1929-und-2008","status":"publish","type":"post","link":"https:\/\/blog.liesdoch.de\/?p=632","title":{"rendered":"Die gro\u00dfen Crashs 1929 und 2008"},"content":{"rendered":"<p>&nbsp;<\/p>\n<p><a href=\"http:\/\/blog.liesdoch.de\/wp-content\/uploads\/2015\/10\/41877958z.jpg\"><img loading=\"lazy\" decoding=\"async\" class=\"alignnone size-full wp-image-633\" src=\"http:\/\/blog.liesdoch.de\/wp-content\/uploads\/2015\/10\/41877958z.jpg\" alt=\"41877958z\" width=\"200\" height=\"284\" \/><\/a><\/p>\n<p>Barry Eichengreen, Die gro\u00dfen Crashs 1929 und 2008, FBV 2015, ISBN 978-3-89879-890-7<\/p>\n<p>&nbsp;<\/p>\n<p>Barry Eichengreen gilt als einer der renommierten Analytiker der Weltwirtschaft. In diesem sehr umfangreichen und f\u00fcr Laien nicht leicht zu lesenden Buch vergleicht er die gro\u00dfe Depression und die anschlie\u00dfende Weltwirtschaftskrise von 1929 bis 1933 mit der j\u00fcngsten Finanzkrise von 2008, ausgel\u00f6st durch die Pleite der Lehmann Bank und bis heute nachwirkend.<\/p>\n<p>Sicher haben die Erkenntnisse \u00fcber die damaligen Ursachen die handelnden Personen nach 2008 beeinflusst. Eichengreen weist zum Beispiel darauf hin, das Ben Bernanke w\u00e4hrend seines Studium die Weltwirtschaftskrise 1929ff. ausf\u00fchrlich analysiert habe und deshalb mitverantwortlich zeichnete, dass 2008 ff. die Finanzm\u00e4rkte in nie gekanntem Umfang mit Liquidit\u00e4t versorgt worden, quasi zum Nulltarif bis zum heutigen Tag.<\/p>\n<p>Bei den Ursachen \u00e4hneln sich die beiden Krisen &#8211; wenn auch teilweise erst auf den zweiten Blick. So beschreibt Eichengreen den Immobilien- und Aktienboom mit ihren Ausw\u00fcchsen von damals und heute und erl\u00e4utert z. B., warum der Euro &#8211; wie damals der Goldstandard &#8211; die Probleme noch verst\u00e4rkte und in andere L\u00e4nder \u00fcbertrug.<br \/>\nEichengreen beschreibt aber auch die Unterschiede. So ist das Finanzsystem komplexer und globaler geworden, wobei z. B. das Schattenbankensystem der Hedgefonds und die Emittenten von Derivaten neue Probleme hervorgerufen haben, f\u00fcr die die Historie keine Lektionen bereithalten konnte. Daher warnt Eichengreen auch davor, die Vergangenheit zu vorschnell als Quelle bei der politischen Entscheidungsfindung heranziehen. Auch wenn in Krisen schnell gehandelt werden muss, bewahrt dies nicht vor sorgf\u00e4ltigen Analysen.<\/p>\n<p>&nbsp;<\/p>\n","protected":false},"excerpt":{"rendered":"<p>&nbsp; Barry Eichengreen, Die gro\u00dfen Crashs 1929 und 2008, FBV 2015, ISBN 978-3-89879-890-7 &nbsp; Barry Eichengreen gilt als einer der renommierten Analytiker der Weltwirtschaft. In diesem sehr umfangreichen und f\u00fcr Laien nicht leicht zu lesenden Buch vergleicht er die gro\u00dfe Depression und die anschlie\u00dfende Weltwirtschaftskrise von 1929 bis 1933 mit der j\u00fcngsten Finanzkrise von 2008, &hellip; <a href=\"https:\/\/blog.liesdoch.de\/?p=632\" class=\"more-link\"><span class=\"screen-reader-text\">Die gro\u00dfen Crashs 1929 und 2008<\/span> weiterlesen <span class=\"meta-nav\">&rarr;<\/span><\/a><\/p>\n","protected":false},"author":6,"featured_media":0,"comment_status":"open","ping_status":"open","sticky":false,"template":"","format":"standard","meta":{"footnotes":""},"categories":[1],"tags":[229],"class_list":["post-632","post","type-post","status-publish","format-standard","hentry","category-allgemein","tag-finanzkrise"],"_links":{"self":[{"href":"https:\/\/blog.liesdoch.de\/index.php?rest_route=\/wp\/v2\/posts\/632","targetHints":{"allow":["GET"]}}],"collection":[{"href":"https:\/\/blog.liesdoch.de\/index.php?rest_route=\/wp\/v2\/posts"}],"about":[{"href":"https:\/\/blog.liesdoch.de\/index.php?rest_route=\/wp\/v2\/types\/post"}],"author":[{"embeddable":true,"href":"https:\/\/blog.liesdoch.de\/index.php?rest_route=\/wp\/v2\/users\/6"}],"replies":[{"embeddable":true,"href":"https:\/\/blog.liesdoch.de\/index.php?rest_route=%2Fwp%2Fv2%2Fcomments&post=632"}],"version-history":[{"count":1,"href":"https:\/\/blog.liesdoch.de\/index.php?rest_route=\/wp\/v2\/posts\/632\/revisions"}],"predecessor-version":[{"id":634,"href":"https:\/\/blog.liesdoch.de\/index.php?rest_route=\/wp\/v2\/posts\/632\/revisions\/634"}],"wp:attachment":[{"href":"https:\/\/blog.liesdoch.de\/index.php?rest_route=%2Fwp%2Fv2%2Fmedia&parent=632"}],"wp:term":[{"taxonomy":"category","embeddable":true,"href":"https:\/\/blog.liesdoch.de\/index.php?rest_route=%2Fwp%2Fv2%2Fcategories&post=632"},{"taxonomy":"post_tag","embeddable":true,"href":"https:\/\/blog.liesdoch.de\/index.php?rest_route=%2Fwp%2Fv2%2Ftags&post=632"}],"curies":[{"name":"wp","href":"https:\/\/api.w.org\/{rel}","templated":true}]}}