{"id":6329,"date":"2018-09-06T11:59:03","date_gmt":"2018-09-06T09:59:03","guid":{"rendered":"http:\/\/blog.liesdoch.de\/?p=6329"},"modified":"2018-09-06T11:59:03","modified_gmt":"2018-09-06T09:59:03","slug":"der-baerenberg","status":"publish","type":"post","link":"https:\/\/blog.liesdoch.de\/?p=6329","title":{"rendered":"Der B\u00e4renberg"},"content":{"rendered":"<p>&nbsp;<\/p>\n<p>&nbsp;<\/p>\n<p><a href=\"http:\/\/blog.liesdoch.de\/wp-content\/uploads\/2018\/09\/52540073n.jpg\"><img loading=\"lazy\" decoding=\"async\" class=\"alignnone size-medium wp-image-6330\" src=\"http:\/\/blog.liesdoch.de\/wp-content\/uploads\/2018\/09\/52540073n-208x300.jpg\" alt=\"\" width=\"208\" height=\"300\" srcset=\"https:\/\/blog.liesdoch.de\/wp-content\/uploads\/2018\/09\/52540073n-208x300.jpg 208w, https:\/\/blog.liesdoch.de\/wp-content\/uploads\/2018\/09\/52540073n.jpg 242w\" sizes=\"auto, (max-width: 208px) 100vw, 208px\" \/><\/a><\/p>\n<p>Max Bolliger, Jozef Wikon, Der B\u00e4renberg, Bohem 2018, ISBN 978-3-85581-528-9<\/p>\n<p>&nbsp;<\/p>\n<p>Der Bilderbuchverlag Bohem aus der Schweiz hat in diesem Herbst den Bilderbuchklassiker von Max Bolliger mit den klassischen Illustrationen von Jozef Wilkon wieder aufgelegt.<\/p>\n<p>&nbsp;<\/p>\n<p>\u201eDer B\u00e4renberg\u201c ist eine Geschichte von Angst und Mut, eine Geschichte von Selbstvertrauen und Kraft und dem Mut zum eigenen Weg.<\/p>\n<p>Drei kleine B\u00e4ren sind miteinander unterwegs. Sie stehen am Fu\u00dfe eines Berges, dessen Gipfel einladend im Sonnenlicht strahlt. Alle drei sehnen sich danach, dort oben zu sein, und beschlie\u00dfen hinaufzuklettern. Sie machen sich frohgemut auf den Weg, singen unterwegs B\u00e4renlieder. Als sie kurze Zeit sp\u00e4ter an eine Wegkreuzung kommen, m\u00fcssen sie eine Entscheidung treffen. Ist der rechtsabbiegende Weg der Richtige oder der nach links?<\/p>\n<p>Sie k\u00f6nnen sich nicht einigen und so geht jeder seinen eigenen Weg. Der erste B\u00e4r nimmt den linken Weg, der zweite den rechten, der dritte kann sich nicht entscheiden. Kurze Zeit sp\u00e4ter h\u00f6rt der frohen Sinnes dahinschreitenden erste B\u00e4r die Stimme des dritten B\u00e4rs hinter sich, der ihn vergeblich einzuholen versucht, denn er bleibt immer wieder stehen und schaut zur\u00fcck.<\/p>\n<p>&nbsp;<\/p>\n<p>Der erste B\u00e4r kommt an einen steilen Abgrund, \u00fcber den ein Steg f\u00fchrt auf dem auf der anderen Seite ein Wolf ihm den Weg versperrt. Mutig k\u00e4mpft der B\u00e4r mit dem Wolf, sp\u00fcrt w\u00e4hrend des Kampfes seine Kr\u00e4fte wachsen. \u201eDu hast mich besiegt!\u201c sagt der Wolf am Ende und gibt den Weg zum Gipfel frei.<\/p>\n<p>&nbsp;<\/p>\n<p>Dem zweiten B\u00e4r, der den rechten Weg gew\u00e4hlt hatte, passiert \u00e4hnliches. Auch ihm folgt hasenf\u00fc\u00dfig und vergeblich der dritte B\u00e4r, bevor er an einem anderen Steg einem Tiger gegen\u00fcbersteht, der ihm den Weg streitig macht. Der zweite B\u00e4r besiegt mit Kr\u00e4ften, die aus dem Mut entstehen, den Tiger und trifft oben auf dem Gipfel den ersten B\u00e4r.<\/p>\n<p>&nbsp;<\/p>\n<p>Der dritte kleine B\u00e4r indes hatte den Tiger von weitem gesehen und war schnell wieder nach Hause zur\u00fcckgelaufen.\u00a0 Die beiden anderen auf dem Gipfel mit der wundersch\u00f6nen Aussicht aber nehmen sich etwas vor:<\/p>\n<p>\u201eWie schade, dass der dritte kleine B\u00e4r nicht bei uns ist\u201c, sagen sie. \u201eAber wir wollen ihm davon erz\u00e4hlen, Wir m\u00fcssen ihm helfen, seinen eigenen Weg zu gehen und sich weder vor W\u00f6lfen noch vor Tigern zu f\u00fcrchten.\u201c<\/p>\n<p>&nbsp;<\/p>\n<p>Ein Bilderbuch mit einer wunderbaren Botschaft: jeder gehe seinen eigenen Weg, f\u00fcrchte sich nicht vor dem Kampf mit dem \u201eWolf\u201c oder dem \u201eTiger\u201c die sich ihm in den Weg stellen wollen.\u00a0 Und: manchmal f\u00fchren auch unterschiedliche Wege zum selben Ziel. Ein Bilderbuch, das eine Botschaft auch durchaus f\u00fcr die vorlesenden Erwachsenen besitzt.<\/p>\n<p>&nbsp;<\/p>\n<p>&nbsp;<\/p>\n","protected":false},"excerpt":{"rendered":"<p>&nbsp; &nbsp; Max Bolliger, Jozef Wikon, Der B\u00e4renberg, Bohem 2018, ISBN 978-3-85581-528-9 &nbsp; Der Bilderbuchverlag Bohem aus der Schweiz hat in diesem Herbst den Bilderbuchklassiker von Max Bolliger mit den klassischen Illustrationen von Jozef Wilkon wieder aufgelegt. &nbsp; \u201eDer B\u00e4renberg\u201c ist eine Geschichte von Angst und Mut, eine Geschichte von Selbstvertrauen und Kraft und dem &hellip; <a href=\"https:\/\/blog.liesdoch.de\/?p=6329\" class=\"more-link\"><span class=\"screen-reader-text\">Der B\u00e4renberg<\/span> weiterlesen <span class=\"meta-nav\">&rarr;<\/span><\/a><\/p>\n","protected":false},"author":6,"featured_media":0,"comment_status":"closed","ping_status":"open","sticky":false,"template":"","format":"standard","meta":{"footnotes":""},"categories":[1],"tags":[],"class_list":["post-6329","post","type-post","status-publish","format-standard","hentry","category-allgemein"],"_links":{"self":[{"href":"https:\/\/blog.liesdoch.de\/index.php?rest_route=\/wp\/v2\/posts\/6329","targetHints":{"allow":["GET"]}}],"collection":[{"href":"https:\/\/blog.liesdoch.de\/index.php?rest_route=\/wp\/v2\/posts"}],"about":[{"href":"https:\/\/blog.liesdoch.de\/index.php?rest_route=\/wp\/v2\/types\/post"}],"author":[{"embeddable":true,"href":"https:\/\/blog.liesdoch.de\/index.php?rest_route=\/wp\/v2\/users\/6"}],"replies":[{"embeddable":true,"href":"https:\/\/blog.liesdoch.de\/index.php?rest_route=%2Fwp%2Fv2%2Fcomments&post=6329"}],"version-history":[{"count":1,"href":"https:\/\/blog.liesdoch.de\/index.php?rest_route=\/wp\/v2\/posts\/6329\/revisions"}],"predecessor-version":[{"id":6331,"href":"https:\/\/blog.liesdoch.de\/index.php?rest_route=\/wp\/v2\/posts\/6329\/revisions\/6331"}],"wp:attachment":[{"href":"https:\/\/blog.liesdoch.de\/index.php?rest_route=%2Fwp%2Fv2%2Fmedia&parent=6329"}],"wp:term":[{"taxonomy":"category","embeddable":true,"href":"https:\/\/blog.liesdoch.de\/index.php?rest_route=%2Fwp%2Fv2%2Fcategories&post=6329"},{"taxonomy":"post_tag","embeddable":true,"href":"https:\/\/blog.liesdoch.de\/index.php?rest_route=%2Fwp%2Fv2%2Ftags&post=6329"}],"curies":[{"name":"wp","href":"https:\/\/api.w.org\/{rel}","templated":true}]}}