{"id":6335,"date":"2018-09-06T12:00:15","date_gmt":"2018-09-06T10:00:15","guid":{"rendered":"http:\/\/blog.liesdoch.de\/?p=6335"},"modified":"2018-09-06T12:00:15","modified_gmt":"2018-09-06T10:00:15","slug":"oh-wer-sitzt-da-auf-dem-klo","status":"publish","type":"post","link":"https:\/\/blog.liesdoch.de\/?p=6335","title":{"rendered":"Oh, wer sitzt da auf dem Klo"},"content":{"rendered":"<p>&nbsp;<\/p>\n<p>&nbsp;<\/p>\n<p>&nbsp;<\/p>\n<p><a href=\"http:\/\/blog.liesdoch.de\/wp-content\/uploads\/2018\/09\/52509551n.jpg\"><img loading=\"lazy\" decoding=\"async\" class=\"alignnone size-full wp-image-6336\" src=\"http:\/\/blog.liesdoch.de\/wp-content\/uploads\/2018\/09\/52509551n.jpg\" alt=\"\" width=\"242\" height=\"198\" \/><\/a><\/p>\n<p>Harmen van Straaten, Oh, wer sitzt da auf dem Klo, Verlag Freies Geistesleben 2018, ISBN 978-3-7725-2885-9<\/p>\n<p>&nbsp;<\/p>\n<p>Ein lustiges gereimtes Bilderbuch hat Rolf Erdorf aus dem Niederl\u00e4ndischen f\u00fcr den Verlag Freies Geistesleben \u00fcbersetzt. Harmen van Straaten hat es geschrieben und gezeichnet und dabei vielleicht auch daran gedacht, wie er als Kind oft viel zu lange mit einem spannenden Buch in der Hand auf dem Familienklo sa\u00df zum \u00c4rger der anderen Familienmitglieder. Wer wei\u00df! Bei mir war das jedenfalls oft so. Lesen auf dem Klo, so wie es der kleine Junge am Ende des Buches ausdr\u00fcckt:<\/p>\n<p>\u201eIch throne hier schon eine ziemliche Weile<\/p>\n<p>Und hatte dabei wenig Gr\u00fcnde zur Eile.<\/p>\n<p>Und weil mein Buch so spannend gewesen,<\/p>\n<p>wollt` ich es auch bis zum Ende auslesen\u2026\u201c<\/p>\n<p>&nbsp;<\/p>\n<p>Doch die Tiere, die sich mit jeder Seite mehr vor der verschlossenen roten T\u00fcr versammeln, weil sie mal m\u00fcssen, wissen das lange nicht. Sie drehen und\u00a0 wenden sich von lauter Bed\u00fcrfnisqual, streiten sich, wer zuerst d\u00fcrfen darf, wenn die T\u00fcr aufgeht und fordern den Besetzer des Klos auf jeder Seite mit einem neuen lustigen Spruch auf, die T\u00fcr aufzumachen.<\/p>\n<p>B\u00e4r, Schwein, Elefant, Tiger, Pinguin, Affe und die Giraffe \u2013 sie alle m\u00fcssen mal und ihre Not ist gro\u00df.<\/p>\n<p>&nbsp;<\/p>\n<p>Die Kinder, die dieses Buch anschauen, werden sich kringeln vor Lachen, weil sie dieses Gef\u00fchl genau kennen, seit sie gelernt haben, aufs Klo zu gehen. Das Gef\u00fchl, dass man muss und nicht kann, weil das Klo besetzt oder gar keins da ist.<\/p>\n<p>&nbsp;<\/p>\n<p>Die lustigen Reime tun ihr \u00dcbriges um dieses Buch zu einem echten Vorlesespa\u00df zu machen.<\/p>\n<p>&nbsp;<\/p>\n","protected":false},"excerpt":{"rendered":"<p>&nbsp; &nbsp; &nbsp; Harmen van Straaten, Oh, wer sitzt da auf dem Klo, Verlag Freies Geistesleben 2018, ISBN 978-3-7725-2885-9 &nbsp; Ein lustiges gereimtes Bilderbuch hat Rolf Erdorf aus dem Niederl\u00e4ndischen f\u00fcr den Verlag Freies Geistesleben \u00fcbersetzt. Harmen van Straaten hat es geschrieben und gezeichnet und dabei vielleicht auch daran gedacht, wie er als Kind oft &hellip; <a href=\"https:\/\/blog.liesdoch.de\/?p=6335\" class=\"more-link\"><span class=\"screen-reader-text\">Oh, wer sitzt da auf dem Klo<\/span> weiterlesen <span class=\"meta-nav\">&rarr;<\/span><\/a><\/p>\n","protected":false},"author":6,"featured_media":0,"comment_status":"closed","ping_status":"open","sticky":false,"template":"","format":"standard","meta":{"footnotes":""},"categories":[1],"tags":[],"class_list":["post-6335","post","type-post","status-publish","format-standard","hentry","category-allgemein"],"_links":{"self":[{"href":"https:\/\/blog.liesdoch.de\/index.php?rest_route=\/wp\/v2\/posts\/6335","targetHints":{"allow":["GET"]}}],"collection":[{"href":"https:\/\/blog.liesdoch.de\/index.php?rest_route=\/wp\/v2\/posts"}],"about":[{"href":"https:\/\/blog.liesdoch.de\/index.php?rest_route=\/wp\/v2\/types\/post"}],"author":[{"embeddable":true,"href":"https:\/\/blog.liesdoch.de\/index.php?rest_route=\/wp\/v2\/users\/6"}],"replies":[{"embeddable":true,"href":"https:\/\/blog.liesdoch.de\/index.php?rest_route=%2Fwp%2Fv2%2Fcomments&post=6335"}],"version-history":[{"count":1,"href":"https:\/\/blog.liesdoch.de\/index.php?rest_route=\/wp\/v2\/posts\/6335\/revisions"}],"predecessor-version":[{"id":6337,"href":"https:\/\/blog.liesdoch.de\/index.php?rest_route=\/wp\/v2\/posts\/6335\/revisions\/6337"}],"wp:attachment":[{"href":"https:\/\/blog.liesdoch.de\/index.php?rest_route=%2Fwp%2Fv2%2Fmedia&parent=6335"}],"wp:term":[{"taxonomy":"category","embeddable":true,"href":"https:\/\/blog.liesdoch.de\/index.php?rest_route=%2Fwp%2Fv2%2Fcategories&post=6335"},{"taxonomy":"post_tag","embeddable":true,"href":"https:\/\/blog.liesdoch.de\/index.php?rest_route=%2Fwp%2Fv2%2Ftags&post=6335"}],"curies":[{"name":"wp","href":"https:\/\/api.w.org\/{rel}","templated":true}]}}