{"id":6421,"date":"2018-09-18T08:10:22","date_gmt":"2018-09-18T06:10:22","guid":{"rendered":"http:\/\/blog.liesdoch.de\/?p=6421"},"modified":"2018-09-18T08:10:22","modified_gmt":"2018-09-18T06:10:22","slug":"zerrissene-leben-das-jahrhundert-unserer-vaeter-und-muetter","status":"publish","type":"post","link":"https:\/\/blog.liesdoch.de\/?p=6421","title":{"rendered":"Zerrissene Leben. Das Jahrhundert unserer V\u00e4ter und M\u00fctter"},"content":{"rendered":"<p>&nbsp;<\/p>\n<p>&nbsp;<\/p>\n<p>&nbsp;<\/p>\n<p><a href=\"http:\/\/blog.liesdoch.de\/wp-content\/uploads\/2018\/09\/52421090n.jpg\"><img loading=\"lazy\" decoding=\"async\" class=\"alignnone size-medium wp-image-6422\" src=\"http:\/\/blog.liesdoch.de\/wp-content\/uploads\/2018\/09\/52421090n-203x300.jpg\" alt=\"\" width=\"203\" height=\"300\" srcset=\"https:\/\/blog.liesdoch.de\/wp-content\/uploads\/2018\/09\/52421090n-203x300.jpg 203w, https:\/\/blog.liesdoch.de\/wp-content\/uploads\/2018\/09\/52421090n.jpg 242w\" sizes=\"auto, (max-width: 203px) 100vw, 203px\" \/><\/a><\/p>\n<p>Konrad H. Jarausch, Zerrissene Leben. Das Jahrhundert unserer V\u00e4ter und M\u00fctter, Wbg Theiss 2018, ISBN 9878-3-8062-3787-0<\/p>\n<p>&nbsp;<\/p>\n<p>Mit diesem Buch legt der Historiker Konrad Jarausch nach \u201eAus der Asche. Eine neue Geschichte Europas im 20.Jahrhundert\u201c\u00a0 eine deutsche Geschichte des 20. Jahrhunderts vor unter dem Titel \u201eZerrissene Leben. Das Jahrhundert unserer M\u00fctter und V\u00e4ter\u201c.<\/p>\n<p>&nbsp;<\/p>\n<p>Er hat dazu die Lebensgeschichten und Autobiographien von \u00fcber 80 Zeitzeugen ausgewertet und in ihrem Spiegel versucht, die Generation der M\u00fctter und V\u00e4ter der heutigen Leser zu verstehen. Alle diese Menschen, darunter sehr bekannte wie Joachim Fest, Fritz Stern, Dorothee S\u00f6lle und Ruth Kl\u00fcger sind w\u00e4hrend der Weimarer Republik geboren. Diese Generation hat die NS-Zeit und den Zweiten Weltkrieg erlebt, aber auch die Nachkriegszeit in der BRD oder der DDR bis hin zur Wiedervereinigung.<\/p>\n<p>&nbsp;<\/p>\n<p>Ganz verschiedene Lebensl\u00e4ufe hat Jarausch zusammengetragen, ihre Spannweite geht von gl\u00fchenden Nazis bis zu j\u00fcdischen Holocaust-Opfern, von politischen Wendeh\u00e4lsen bis zu unpolitischen Zeitgenossen. Es sind meist gebrochene Biographien aus denen der Autor in vielen Mosaiksteinen eine Art kollektive Biographie des 20. Jahrhunderts entstehen l\u00e4sst. Wie haben diese \u00bbganz normalen Deutschen\u00ab das 20. Jahrhundert erlebt, erlitten und verarbeitet?<\/p>\n<p>Die Mosaiksteine sind gebildet aus praktisch allen Bev\u00f6lkerungsgruppen. M\u00e4nner, Frauen, Arbeiter, B\u00fcrger, Arme und Reiche. Es finden sich Katholiken, Protestanten und Juden. T\u00e4ter, Opfer und Mitl\u00e4ufer w\u00e4hrend der NS-Zeit, B\u00fcrger der BRD und B\u00fcrger der DDR.<\/p>\n<p>&nbsp;<\/p>\n<p>Es ist diese Mischung, die das Buch von Konrad Jarausch zu einem faszinierenden und sehr gut lesbaren Geschichtsbuch macht. Ein Buch, das den einen oder anderen seine Vorfahren, Eltern und Gro\u00dfeltern n\u00e4her bringen kann, weil es verstehen will und nicht verurteilen.<\/p>\n<p>&nbsp;<\/p>\n","protected":false},"excerpt":{"rendered":"<p>&nbsp; &nbsp; &nbsp; Konrad H. Jarausch, Zerrissene Leben. Das Jahrhundert unserer V\u00e4ter und M\u00fctter, Wbg Theiss 2018, ISBN 9878-3-8062-3787-0 &nbsp; Mit diesem Buch legt der Historiker Konrad Jarausch nach \u201eAus der Asche. Eine neue Geschichte Europas im 20.Jahrhundert\u201c\u00a0 eine deutsche Geschichte des 20. Jahrhunderts vor unter dem Titel \u201eZerrissene Leben. Das Jahrhundert unserer M\u00fctter und &hellip; <a href=\"https:\/\/blog.liesdoch.de\/?p=6421\" class=\"more-link\"><span class=\"screen-reader-text\">Zerrissene Leben. Das Jahrhundert unserer V\u00e4ter und M\u00fctter<\/span> weiterlesen <span class=\"meta-nav\">&rarr;<\/span><\/a><\/p>\n","protected":false},"author":6,"featured_media":0,"comment_status":"closed","ping_status":"open","sticky":false,"template":"","format":"standard","meta":{"footnotes":""},"categories":[1],"tags":[],"class_list":["post-6421","post","type-post","status-publish","format-standard","hentry","category-allgemein"],"_links":{"self":[{"href":"https:\/\/blog.liesdoch.de\/index.php?rest_route=\/wp\/v2\/posts\/6421","targetHints":{"allow":["GET"]}}],"collection":[{"href":"https:\/\/blog.liesdoch.de\/index.php?rest_route=\/wp\/v2\/posts"}],"about":[{"href":"https:\/\/blog.liesdoch.de\/index.php?rest_route=\/wp\/v2\/types\/post"}],"author":[{"embeddable":true,"href":"https:\/\/blog.liesdoch.de\/index.php?rest_route=\/wp\/v2\/users\/6"}],"replies":[{"embeddable":true,"href":"https:\/\/blog.liesdoch.de\/index.php?rest_route=%2Fwp%2Fv2%2Fcomments&post=6421"}],"version-history":[{"count":1,"href":"https:\/\/blog.liesdoch.de\/index.php?rest_route=\/wp\/v2\/posts\/6421\/revisions"}],"predecessor-version":[{"id":6423,"href":"https:\/\/blog.liesdoch.de\/index.php?rest_route=\/wp\/v2\/posts\/6421\/revisions\/6423"}],"wp:attachment":[{"href":"https:\/\/blog.liesdoch.de\/index.php?rest_route=%2Fwp%2Fv2%2Fmedia&parent=6421"}],"wp:term":[{"taxonomy":"category","embeddable":true,"href":"https:\/\/blog.liesdoch.de\/index.php?rest_route=%2Fwp%2Fv2%2Fcategories&post=6421"},{"taxonomy":"post_tag","embeddable":true,"href":"https:\/\/blog.liesdoch.de\/index.php?rest_route=%2Fwp%2Fv2%2Ftags&post=6421"}],"curies":[{"name":"wp","href":"https:\/\/api.w.org\/{rel}","templated":true}]}}