{"id":6436,"date":"2018-09-20T08:01:39","date_gmt":"2018-09-20T06:01:39","guid":{"rendered":"http:\/\/blog.liesdoch.de\/?p=6436"},"modified":"2018-09-20T08:01:39","modified_gmt":"2018-09-20T06:01:39","slug":"mira","status":"publish","type":"post","link":"https:\/\/blog.liesdoch.de\/?p=6436","title":{"rendered":"Mira"},"content":{"rendered":"<p>&nbsp;<\/p>\n<p>&nbsp;<\/p>\n<p><a href=\"http:\/\/blog.liesdoch.de\/wp-content\/uploads\/2018\/09\/51908289n.jpg\"><img loading=\"lazy\" decoding=\"async\" class=\"alignnone size-medium wp-image-6437\" src=\"http:\/\/blog.liesdoch.de\/wp-content\/uploads\/2018\/09\/51908289n-207x300.jpg\" alt=\"\" width=\"207\" height=\"300\" srcset=\"https:\/\/blog.liesdoch.de\/wp-content\/uploads\/2018\/09\/51908289n-207x300.jpg 207w, https:\/\/blog.liesdoch.de\/wp-content\/uploads\/2018\/09\/51908289n.jpg 242w\" sizes=\"auto, (max-width: 207px) 100vw, 207px\" \/><\/a><\/p>\n<p>Sabine Lemire, Rasmus Bregnhoi, Mira, Klett Kinderbuch 2018, ISBN 978-3-95470-189-6<\/p>\n<p>&nbsp;<\/p>\n<p>Franziska Gehm, selbst bekannt durch zahlreiche witzige Bilderb\u00fccher hat diesen Comic f\u00fcr alle neugierigen M\u00e4dchen zwischen 9 und 12 Jahren aus dem D\u00e4nischen \u00fcbersetzt. Dort erschien das Buch 2017, in dem Sabine Lemire und Rasmus Bregnhoi von Mira erz\u00e4hlen, einem M\u00e4dchen etwa im zehnten Lebensjahr. Sie lebt mit ihrer Mutter zusammen, die als Werbetexterin arbeitet. Ihren Vater kennt sie nicht, weil er schon vor ihrer Geburt ihre Mama verlassen hat. Sie w\u00fcrde ihn aber gerne einmal kennenlernen.<\/p>\n<p>Mehr als das aber qu\u00e4lt sie derzeit etwas anderes. Miras beste Freundin Jette hat mit Beate, einem M\u00e4dchen, das gerade neu in die Klasse gekommen ist, einen Club der Verliebten gegr\u00fcndet und Mira dabei ausgeschlossen. Sie darf deshalb nicht mitmachen, weil sie angeblich noch nie verliebt war. Mira w\u00fcrde gerne verliebt sein, und hofft, dass es mit ihrem Schulfreund Louis geschieht, wenn sie sich beide entsprechend anstrengen.<\/p>\n<p>&nbsp;<\/p>\n<p>Und sie fragt sich, warum sich ihre Mutter im Verlauf eines Jahres (der Comic umfasst diesen Zeitraum) mehrmals verliebt, und es bei ihr selbst so gar nicht klappen will.<\/p>\n<p>&nbsp;<\/p>\n<p>Auf eine witzige und f\u00fcr M\u00e4dchen in diesem Alter wohl sehr nachvollziehbare Weise erz\u00e4hlt Mira vom Aufwachsen in Zeiten von Instagram und Twitter. Ein Buch, das handelt von Freundschaft und Eifersucht, den ersten Erfahrungen mit dem anderen Geschlecht, dem eigenen K\u00f6rper und einem Gef\u00fchl, das schon fr\u00fch zu Beziehungen dazuzugeh\u00f6ren scheint: der Eifersucht.<\/p>\n<p>&nbsp;<\/p>\n<p>Und davon, wie es ist, wenn man eine coole Mutter hat, die einem aber manches Mal peinlich ist.<\/p>\n<p>Die Comicform wird helfen, das Buch f\u00fcr viele M\u00e4dchen, die sonst nicht so gerne das Handy weglegen und ein Buch lesen, nutzbar zu machen.<\/p>\n<p>Es ist witzig getextet und gezeichnet.<\/p>\n<p>&nbsp;<\/p>\n<p>&nbsp;<\/p>\n<p>&nbsp;<\/p>\n<p>&nbsp;<\/p>\n","protected":false},"excerpt":{"rendered":"<p>&nbsp; &nbsp; Sabine Lemire, Rasmus Bregnhoi, Mira, Klett Kinderbuch 2018, ISBN 978-3-95470-189-6 &nbsp; Franziska Gehm, selbst bekannt durch zahlreiche witzige Bilderb\u00fccher hat diesen Comic f\u00fcr alle neugierigen M\u00e4dchen zwischen 9 und 12 Jahren aus dem D\u00e4nischen \u00fcbersetzt. Dort erschien das Buch 2017, in dem Sabine Lemire und Rasmus Bregnhoi von Mira erz\u00e4hlen, einem M\u00e4dchen etwa &hellip; <a href=\"https:\/\/blog.liesdoch.de\/?p=6436\" class=\"more-link\"><span class=\"screen-reader-text\">Mira<\/span> weiterlesen <span class=\"meta-nav\">&rarr;<\/span><\/a><\/p>\n","protected":false},"author":6,"featured_media":0,"comment_status":"closed","ping_status":"open","sticky":false,"template":"","format":"standard","meta":{"footnotes":""},"categories":[1],"tags":[],"class_list":["post-6436","post","type-post","status-publish","format-standard","hentry","category-allgemein"],"_links":{"self":[{"href":"https:\/\/blog.liesdoch.de\/index.php?rest_route=\/wp\/v2\/posts\/6436","targetHints":{"allow":["GET"]}}],"collection":[{"href":"https:\/\/blog.liesdoch.de\/index.php?rest_route=\/wp\/v2\/posts"}],"about":[{"href":"https:\/\/blog.liesdoch.de\/index.php?rest_route=\/wp\/v2\/types\/post"}],"author":[{"embeddable":true,"href":"https:\/\/blog.liesdoch.de\/index.php?rest_route=\/wp\/v2\/users\/6"}],"replies":[{"embeddable":true,"href":"https:\/\/blog.liesdoch.de\/index.php?rest_route=%2Fwp%2Fv2%2Fcomments&post=6436"}],"version-history":[{"count":1,"href":"https:\/\/blog.liesdoch.de\/index.php?rest_route=\/wp\/v2\/posts\/6436\/revisions"}],"predecessor-version":[{"id":6438,"href":"https:\/\/blog.liesdoch.de\/index.php?rest_route=\/wp\/v2\/posts\/6436\/revisions\/6438"}],"wp:attachment":[{"href":"https:\/\/blog.liesdoch.de\/index.php?rest_route=%2Fwp%2Fv2%2Fmedia&parent=6436"}],"wp:term":[{"taxonomy":"category","embeddable":true,"href":"https:\/\/blog.liesdoch.de\/index.php?rest_route=%2Fwp%2Fv2%2Fcategories&post=6436"},{"taxonomy":"post_tag","embeddable":true,"href":"https:\/\/blog.liesdoch.de\/index.php?rest_route=%2Fwp%2Fv2%2Ftags&post=6436"}],"curies":[{"name":"wp","href":"https:\/\/api.w.org\/{rel}","templated":true}]}}