{"id":6471,"date":"2018-09-26T11:59:40","date_gmt":"2018-09-26T09:59:40","guid":{"rendered":"http:\/\/blog.liesdoch.de\/?p=6471"},"modified":"2018-09-26T11:59:40","modified_gmt":"2018-09-26T09:59:40","slug":"der-graben","status":"publish","type":"post","link":"https:\/\/blog.liesdoch.de\/?p=6471","title":{"rendered":"Der Graben"},"content":{"rendered":"<p>&nbsp;<\/p>\n<p>&nbsp;<\/p>\n<p>&nbsp;<\/p>\n<p>&nbsp;<\/p>\n<p><a href=\"http:\/\/blog.liesdoch.de\/wp-content\/uploads\/2018\/09\/49603789n.jpg\"><img loading=\"lazy\" decoding=\"async\" class=\"alignnone size-medium wp-image-6472\" src=\"http:\/\/blog.liesdoch.de\/wp-content\/uploads\/2018\/09\/49603789n-183x300.jpg\" alt=\"\" width=\"183\" height=\"300\" srcset=\"https:\/\/blog.liesdoch.de\/wp-content\/uploads\/2018\/09\/49603789n-183x300.jpg 183w, https:\/\/blog.liesdoch.de\/wp-content\/uploads\/2018\/09\/49603789n.jpg 242w\" sizes=\"auto, (max-width: 183px) 100vw, 183px\" \/><\/a><\/p>\n<p>Herman Koch, Der Graben, Kiepenheuer &amp; Witsch 2018, ISBN 978-3-462-05082-0<\/p>\n<p>&nbsp;<\/p>\n<p>Robert Walter, die Hauptfigur des neuen Romans des bekannten niederl\u00e4ndischen Schriftstellers Herman Koch, ist ein beliebter und in der \u00d6ffentlichkeit seiner Stadt als B\u00fcrgermeister bekannter Mann. Durch seine T\u00e4tigkeit trifft er Hollande und Obama. Eigentlich sollte er vor Selbstbewusstsein strotzen und sich in seinem Erfolg und seiner Beliebtheit sonnen. Doch er hat ein\u00a0 gro\u00dfes Problem. Er kann seinen eigenen Wahrnehmungen nicht mehr trauen. Es geht los damit, dass er bei einem Neujahrsempfang seine Frau Sylvia dabei beobachtet, wie sie sich angeregt mit seinem politischen Erzfeind, dem Dezernenten Hoogstraten unterh\u00e4lt. F\u00fcr ihn ist sofort klar, dass seine Frau ihm untreu ist und mit dem Dezernenten ein Verh\u00e4ltnis hat, denn dass sie miteinander fl\u00fcstern, macht sie verd\u00e4chtig. Wieso befasst sie sich ausgerechnet mit \u00a0seinem Konkurrenten, dem sterbenslangweiligen Maarten van Hoogstraten?<\/p>\n<p>&nbsp;<\/p>\n<p>Doch es ist nicht nur diese Beobachtung, die ihn umtreibt. Auch in seinem weiteren Umfeld scheinen sich Abgr\u00fcnde aufzutun, wobei jeweils nie sicher ist, was Realit\u00e4t ist und was der Phantasie von Robert entsprungen ist. Immer wieder kehren seine Gedanken zum Verhalten seiner Frau zur\u00fcck. Geradezu manisch beobachtet und interpretiert er jedes kleine Detail ihres Verhaltens und auch der Dezernent steht unter permanenter Beobachtung.<\/p>\n<p>&nbsp;<\/p>\n<p>Herman Koch beschreibt scharfsinnig und mit viel hintergr\u00fcndigem Humor einen erfolgreichen Mann, der getrieben von seinen immer heftiger werdenden Wahnvorstellungen, so lange nicht ruht, bis er den Ast, auf dem er sitzt, mit seinem Verhalten wirklich abges\u00e4gt hat.<\/p>\n<p>&nbsp;<\/p>\n<p>Und es ist nicht nur das angebliche Verh\u00e4ltnis seiner Frau, mit der er doch nach dem Auszug der Tochter eine neue Basis finden sollte, das ihn umtreibt. Seine sehr alten Eltern teilen ihm\u00a0 mit, dass sie trotz guter Gesundheit selbstbestimmt aus dem Leben zu scheiden gedenken und eine Journalistin w\u00fchlt in Roberts Vergangenheit und f\u00f6rdert Skandal\u00f6ses zutage. Hat er wirklich in seiner Jugend ein Verbrechen begangen?<\/p>\n<p>&nbsp;<\/p>\n<p>\u201eDer Graben\u201c ist eine psychologisch hintergr\u00fcndige Geschichte einer Ehe, die immer weiter sich zuspitzt und gegen Ende wirklich spannend wird. Am Ende angekommen, wirkt das Buch und seinen Titel mit seinen vielf\u00e4ltigen Bedeutungen noch lange nach.<\/p>\n<p>&nbsp;<\/p>\n","protected":false},"excerpt":{"rendered":"<p>&nbsp; &nbsp; &nbsp; &nbsp; Herman Koch, Der Graben, Kiepenheuer &amp; Witsch 2018, ISBN 978-3-462-05082-0 &nbsp; Robert Walter, die Hauptfigur des neuen Romans des bekannten niederl\u00e4ndischen Schriftstellers Herman Koch, ist ein beliebter und in der \u00d6ffentlichkeit seiner Stadt als B\u00fcrgermeister bekannter Mann. Durch seine T\u00e4tigkeit trifft er Hollande und Obama. Eigentlich sollte er vor Selbstbewusstsein strotzen &hellip; <a href=\"https:\/\/blog.liesdoch.de\/?p=6471\" class=\"more-link\"><span class=\"screen-reader-text\">Der Graben<\/span> weiterlesen <span class=\"meta-nav\">&rarr;<\/span><\/a><\/p>\n","protected":false},"author":6,"featured_media":0,"comment_status":"closed","ping_status":"open","sticky":false,"template":"","format":"standard","meta":{"footnotes":""},"categories":[1],"tags":[],"class_list":["post-6471","post","type-post","status-publish","format-standard","hentry","category-allgemein"],"_links":{"self":[{"href":"https:\/\/blog.liesdoch.de\/index.php?rest_route=\/wp\/v2\/posts\/6471","targetHints":{"allow":["GET"]}}],"collection":[{"href":"https:\/\/blog.liesdoch.de\/index.php?rest_route=\/wp\/v2\/posts"}],"about":[{"href":"https:\/\/blog.liesdoch.de\/index.php?rest_route=\/wp\/v2\/types\/post"}],"author":[{"embeddable":true,"href":"https:\/\/blog.liesdoch.de\/index.php?rest_route=\/wp\/v2\/users\/6"}],"replies":[{"embeddable":true,"href":"https:\/\/blog.liesdoch.de\/index.php?rest_route=%2Fwp%2Fv2%2Fcomments&post=6471"}],"version-history":[{"count":1,"href":"https:\/\/blog.liesdoch.de\/index.php?rest_route=\/wp\/v2\/posts\/6471\/revisions"}],"predecessor-version":[{"id":6473,"href":"https:\/\/blog.liesdoch.de\/index.php?rest_route=\/wp\/v2\/posts\/6471\/revisions\/6473"}],"wp:attachment":[{"href":"https:\/\/blog.liesdoch.de\/index.php?rest_route=%2Fwp%2Fv2%2Fmedia&parent=6471"}],"wp:term":[{"taxonomy":"category","embeddable":true,"href":"https:\/\/blog.liesdoch.de\/index.php?rest_route=%2Fwp%2Fv2%2Fcategories&post=6471"},{"taxonomy":"post_tag","embeddable":true,"href":"https:\/\/blog.liesdoch.de\/index.php?rest_route=%2Fwp%2Fv2%2Ftags&post=6471"}],"curies":[{"name":"wp","href":"https:\/\/api.w.org\/{rel}","templated":true}]}}