{"id":649,"date":"2015-10-14T08:43:11","date_gmt":"2015-10-14T06:43:11","guid":{"rendered":"http:\/\/blog.liesdoch.de\/?p=649"},"modified":"2015-10-14T08:43:11","modified_gmt":"2015-10-14T06:43:11","slug":"die-rabenrosa","status":"publish","type":"post","link":"https:\/\/blog.liesdoch.de\/?p=649","title":{"rendered":"Die Rabenrosa"},"content":{"rendered":"<p>&nbsp;<\/p>\n<p><a href=\"http:\/\/blog.liesdoch.de\/wp-content\/uploads\/2015\/10\/41849206z.jpg\"><img loading=\"lazy\" decoding=\"async\" class=\"alignnone size-medium wp-image-650\" src=\"http:\/\/blog.liesdoch.de\/wp-content\/uploads\/2015\/10\/41849206z-300x255.jpg\" alt=\"41849206z\" width=\"300\" height=\"255\" srcset=\"https:\/\/blog.liesdoch.de\/wp-content\/uploads\/2015\/10\/41849206z-300x255.jpg 300w, https:\/\/blog.liesdoch.de\/wp-content\/uploads\/2015\/10\/41849206z.jpg 340w\" sizes=\"auto, (max-width: 300px) 100vw, 300px\" \/><\/a><\/p>\n<p>Helga Bansch, Die Rabenrosa, Jungbrunnen 2015, ISBN 978-3-7026-5874-8<\/p>\n<p>&nbsp;<\/p>\n<p>Schon in ihrem 2008 erschienenen Buch \u201eEin schr\u00e4ger Vogel\u201c hatte es die K\u00fcnstlerin Helga Bansch mit den Raben und dem Anderssein. Die Geschichte von dem Raben Robert, der anders ist und auch anders sein will und damit den Unwillen seiner Artgenossen hervorruft, war ein wunderbares Bilderbuch \u00fcber den Mut zur Individualit\u00e4t , den Zwang zum Konformen und dar\u00fcber, wie das Bunte \u00fcber das Schwarze siegt, die Lebenslust \u00fcber den Lebensfrust, das Spontane \u00fcber die strenge Ordnung, die Phantasie \u00fcber die Disziplin.<br \/>\nNun greift Helga Bansch das Rabenthema und das Anderssein wieder auf und erz\u00e4hlt die Geschichte von Rosa, die mit vier anderen Rabenkindern aus dem Ei schl\u00fcpft. Die Eltern nehmen ihre Andersartigkeit nat\u00fcrlich sofort wahr, aber sie nehmen sie wie sie ist und behandeln sie gleich. Sie nennen sie, die sich als kleines Menschenkind herausstellt, \u201eunsere kleine Rabenrosa\u201c. Sie kann nat\u00fcrlich nicht mit ihren vier Geschwistern fliegen lernen und so bleibt sie allein mit ihren Eltern im Nest zur\u00fcck. Die nehmen sie mit auf ihre gro\u00dfe Reise und bald schon wird Rabenrosa bei der Futtersuche f\u00fcr ihre neuen Geschwister helfen. Und der Frosch Rudi will ihr das Schwimmen beibringen\u2026.<\/p>\n<p>&nbsp;<\/p>\n<p>Nachdem sie lange versucht, sich anzupassen, macht sie endlich einfach das, was ihr guttut. Sie entdeckt f\u00fcr sie ganz neue F\u00e4higkeiten und lernt, einfach auf andere zuzugehen \u2013 mit ganz \u00fcberraschenden Ergebnissen<\/p>\n","protected":false},"excerpt":{"rendered":"<p>&nbsp; Helga Bansch, Die Rabenrosa, Jungbrunnen 2015, ISBN 978-3-7026-5874-8 &nbsp; Schon in ihrem 2008 erschienenen Buch \u201eEin schr\u00e4ger Vogel\u201c hatte es die K\u00fcnstlerin Helga Bansch mit den Raben und dem Anderssein. Die Geschichte von dem Raben Robert, der anders ist und auch anders sein will und damit den Unwillen seiner Artgenossen hervorruft, war ein wunderbares &hellip; <a href=\"https:\/\/blog.liesdoch.de\/?p=649\" class=\"more-link\"><span class=\"screen-reader-text\">Die Rabenrosa<\/span> weiterlesen <span class=\"meta-nav\">&rarr;<\/span><\/a><\/p>\n","protected":false},"author":6,"featured_media":0,"comment_status":"open","ping_status":"open","sticky":false,"template":"","format":"standard","meta":{"footnotes":""},"categories":[1],"tags":[234],"class_list":["post-649","post","type-post","status-publish","format-standard","hentry","category-allgemein","tag-anderssein"],"_links":{"self":[{"href":"https:\/\/blog.liesdoch.de\/index.php?rest_route=\/wp\/v2\/posts\/649","targetHints":{"allow":["GET"]}}],"collection":[{"href":"https:\/\/blog.liesdoch.de\/index.php?rest_route=\/wp\/v2\/posts"}],"about":[{"href":"https:\/\/blog.liesdoch.de\/index.php?rest_route=\/wp\/v2\/types\/post"}],"author":[{"embeddable":true,"href":"https:\/\/blog.liesdoch.de\/index.php?rest_route=\/wp\/v2\/users\/6"}],"replies":[{"embeddable":true,"href":"https:\/\/blog.liesdoch.de\/index.php?rest_route=%2Fwp%2Fv2%2Fcomments&post=649"}],"version-history":[{"count":1,"href":"https:\/\/blog.liesdoch.de\/index.php?rest_route=\/wp\/v2\/posts\/649\/revisions"}],"predecessor-version":[{"id":651,"href":"https:\/\/blog.liesdoch.de\/index.php?rest_route=\/wp\/v2\/posts\/649\/revisions\/651"}],"wp:attachment":[{"href":"https:\/\/blog.liesdoch.de\/index.php?rest_route=%2Fwp%2Fv2%2Fmedia&parent=649"}],"wp:term":[{"taxonomy":"category","embeddable":true,"href":"https:\/\/blog.liesdoch.de\/index.php?rest_route=%2Fwp%2Fv2%2Fcategories&post=649"},{"taxonomy":"post_tag","embeddable":true,"href":"https:\/\/blog.liesdoch.de\/index.php?rest_route=%2Fwp%2Fv2%2Ftags&post=649"}],"curies":[{"name":"wp","href":"https:\/\/api.w.org\/{rel}","templated":true}]}}