{"id":6495,"date":"2018-09-27T13:53:20","date_gmt":"2018-09-27T11:53:20","guid":{"rendered":"http:\/\/blog.liesdoch.de\/?p=6495"},"modified":"2018-09-27T13:53:20","modified_gmt":"2018-09-27T11:53:20","slug":"mein-andersopa","status":"publish","type":"post","link":"https:\/\/blog.liesdoch.de\/?p=6495","title":{"rendered":"Mein Andersopa"},"content":{"rendered":"<p>&nbsp;<\/p>\n<p>&nbsp;<\/p>\n<p>&nbsp;<\/p>\n<p><a href=\"http:\/\/blog.liesdoch.de\/wp-content\/uploads\/2018\/09\/52384204n.jpg\"><img loading=\"lazy\" decoding=\"async\" class=\"alignnone size-full wp-image-6496\" src=\"http:\/\/blog.liesdoch.de\/wp-content\/uploads\/2018\/09\/52384204n.jpg\" alt=\"\" width=\"242\" height=\"242\" srcset=\"https:\/\/blog.liesdoch.de\/wp-content\/uploads\/2018\/09\/52384204n.jpg 242w, https:\/\/blog.liesdoch.de\/wp-content\/uploads\/2018\/09\/52384204n-150x150.jpg 150w\" sizes=\"auto, (max-width: 242px) 100vw, 242px\" \/><\/a><\/p>\n<p>Rolf Barth, Daniela Bunge, Mein Andersopa, Hanser 2018 , ISBN 978-3-446-26057-3<\/p>\n<p>&nbsp;<\/p>\n<p>Immer mehr Menschen erkranken in ihrem Alter an irgendeiner Form von Demenz. Und in der Folge, sind immer mehr Kinder von einem Ph\u00e4nomen betroffen, dass sich ihre geliebten Gro\u00dfeltern, manchmal sehr schnell in ihrer Pers\u00f6nlichkeit verwandeln und unsinnige Dinge tun und sagen.<\/p>\n<p>&nbsp;<\/p>\n<p>Die hier von Rolf Barth erz\u00e4hlte Geschichte, von Daniel Bunge eindrucksvoll illustriert versucht auf anr\u00fchrende und ermutigende Weise sich diesem Thema zu stellen.<\/p>\n<p>&nbsp;<\/p>\n<p>Sie erz\u00e4hlt von Nele und ihrem Opa. Opa ist ein feiner Mann, der sehr viel Wert auf sein \u00c4u\u00dferes legt, stets in wei\u00dfem Hemd und Sakko auftritt und jeden freundlich gr\u00fc\u00dft. Nele ist stolz auf ihn, auch weil er immer Zeit f\u00fcr sie hat und auf sie achtgibt. Sie gehen miteinander spazieren, besuchen die Oma auf dem Friedhof und machen viele andere sch\u00f6ne Sache gemeinsam.<\/p>\n<p>&nbsp;<\/p>\n<p>Doch eines Tages, als Nele wieder ihren Opa besucht, trifft sie ihn am helllichten Nachmittag unrasiert im Schlafanzug an. Diesen Gro\u00dfvater nennt sie fortan ihren Andersopa.<\/p>\n<p>&nbsp;<\/p>\n<p>Sie lernt keine Angst vor seinen Ver\u00e4nderungen zu haben, und zieht sich nicht vor ihm zur\u00fcck. Ihre Mutter nimmt sie mit zu Opas Hausarzt, der ihr erkl\u00e4rt, was in Opas Gehirn vor sich geht und warum er so geworden ist.<\/p>\n<p>&nbsp;<\/p>\n<p>Und als er dann bald seine eigene Wohnung aufgeben muss und zu Neles Familie und seiner Tochter zieht, da lernt sie das wertzusch\u00e4tzen, was ihre Mutter ihr gesagt hat, nachdem sie vom Arzt erfahren haben, dass man nichts machen kann: \u201eEigentlich hat das auch etwas Gutes. Du hast eben zwei Opas: den von fr\u00fcher \u2013und deinen Andersopa\u201c.<\/p>\n<p>&nbsp;<\/p>\n<p>Eine ber\u00fchrende und ermutigende Geschichte, die kleinen Kindern verst\u00e4ndlich machen kann, was mit Menschen vor sich geht, die an Demenz erkranken. Die Familien und Angeh\u00f6rigen belastenden und stellenweise unertr\u00e4glichen Begleitumst\u00e4nde dieser Krankheit, besonders in ihrem fortgeschrittenen Stadium, sind bewusst nicht angesprochen.<\/p>\n<p>&nbsp;<\/p>\n<p>&nbsp;<\/p>\n","protected":false},"excerpt":{"rendered":"<p>&nbsp; &nbsp; &nbsp; Rolf Barth, Daniela Bunge, Mein Andersopa, Hanser 2018 , ISBN 978-3-446-26057-3 &nbsp; Immer mehr Menschen erkranken in ihrem Alter an irgendeiner Form von Demenz. Und in der Folge, sind immer mehr Kinder von einem Ph\u00e4nomen betroffen, dass sich ihre geliebten Gro\u00dfeltern, manchmal sehr schnell in ihrer Pers\u00f6nlichkeit verwandeln und unsinnige Dinge tun &hellip; <a href=\"https:\/\/blog.liesdoch.de\/?p=6495\" class=\"more-link\"><span class=\"screen-reader-text\">Mein Andersopa<\/span> weiterlesen <span class=\"meta-nav\">&rarr;<\/span><\/a><\/p>\n","protected":false},"author":6,"featured_media":0,"comment_status":"closed","ping_status":"open","sticky":false,"template":"","format":"standard","meta":{"footnotes":""},"categories":[1],"tags":[],"class_list":["post-6495","post","type-post","status-publish","format-standard","hentry","category-allgemein"],"_links":{"self":[{"href":"https:\/\/blog.liesdoch.de\/index.php?rest_route=\/wp\/v2\/posts\/6495","targetHints":{"allow":["GET"]}}],"collection":[{"href":"https:\/\/blog.liesdoch.de\/index.php?rest_route=\/wp\/v2\/posts"}],"about":[{"href":"https:\/\/blog.liesdoch.de\/index.php?rest_route=\/wp\/v2\/types\/post"}],"author":[{"embeddable":true,"href":"https:\/\/blog.liesdoch.de\/index.php?rest_route=\/wp\/v2\/users\/6"}],"replies":[{"embeddable":true,"href":"https:\/\/blog.liesdoch.de\/index.php?rest_route=%2Fwp%2Fv2%2Fcomments&post=6495"}],"version-history":[{"count":1,"href":"https:\/\/blog.liesdoch.de\/index.php?rest_route=\/wp\/v2\/posts\/6495\/revisions"}],"predecessor-version":[{"id":6497,"href":"https:\/\/blog.liesdoch.de\/index.php?rest_route=\/wp\/v2\/posts\/6495\/revisions\/6497"}],"wp:attachment":[{"href":"https:\/\/blog.liesdoch.de\/index.php?rest_route=%2Fwp%2Fv2%2Fmedia&parent=6495"}],"wp:term":[{"taxonomy":"category","embeddable":true,"href":"https:\/\/blog.liesdoch.de\/index.php?rest_route=%2Fwp%2Fv2%2Fcategories&post=6495"},{"taxonomy":"post_tag","embeddable":true,"href":"https:\/\/blog.liesdoch.de\/index.php?rest_route=%2Fwp%2Fv2%2Ftags&post=6495"}],"curies":[{"name":"wp","href":"https:\/\/api.w.org\/{rel}","templated":true}]}}