{"id":6498,"date":"2018-09-27T13:54:02","date_gmt":"2018-09-27T11:54:02","guid":{"rendered":"http:\/\/blog.liesdoch.de\/?p=6498"},"modified":"2018-09-27T13:54:02","modified_gmt":"2018-09-27T11:54:02","slug":"eine-zauberhafte-reise-im-maerlitram","status":"publish","type":"post","link":"https:\/\/blog.liesdoch.de\/?p=6498","title":{"rendered":"Eine zauberhafte Reise im M\u00e4rlitram"},"content":{"rendered":"<p>&nbsp;<\/p>\n<p>&nbsp;<\/p>\n<p>&nbsp;<\/p>\n<p><a href=\"http:\/\/blog.liesdoch.de\/wp-content\/uploads\/2018\/09\/52438167n.jpg\"><img loading=\"lazy\" decoding=\"async\" class=\"alignnone size-full wp-image-6499\" src=\"http:\/\/blog.liesdoch.de\/wp-content\/uploads\/2018\/09\/52438167n.jpg\" alt=\"\" width=\"242\" height=\"186\" \/><\/a><\/p>\n<p>Boni Koller, Christiane Sch\u00f6ngart, Eine zauberhafte Reise im M\u00e4rlitram, Nord S\u00fcd Verlag 2018, ISBN 978-3-314-10454-1<\/p>\n<p>&nbsp;<\/p>\n<p>Der 1913 gebaute Wagen der Z\u00fcricher Stra\u00dfenbahn is der \u00e4lteste ihrer Flotte und verkehrt seit 1958 in der Weihnachtszeit auf einem Rundkurs in der Z\u00fcrcher Innenstadt. Zum weihnachtlich verzierten Tram \u2013 fr\u00fcher in weiss, heute in rot \u2013 haben nur Kinder im Alter zwischen vier und zehn Jahren Zutritt. Eine Fahrt dauert etwa 25 Minuten. Im roten M\u00e4rlitram werden den Kindern von zwei Engeln Weihnachtsm\u00e4rchen vorgelesen, w\u00e4hrend das Tram vom Samichlaus gelenkt wird. Jedes Jahr werden 7000 bis 10.000 Kinder bef\u00f6rdert. Das Sondertram verkehrt mit Unterst\u00fctzung des Warenhauses Jelmoli, das auch den Verkauf der Billette durchf\u00fchrt.<\/p>\n<p>&nbsp;<\/p>\n<p>Z\u00fcricher Kindern ist die ber\u00fchmte M\u00e4rlitram seit jeher ein Begriff. Kaum eines, das nicht mindestens einmal mit ihr gefahren w\u00e4re. F\u00fcr alle anderen Kinder, auch die in Deutschland und \u00d6sterreich hat sich Boni Koller eine stimmungsvolle und heitere Weihnachtsgeschichte ausgedacht und Christiane Sch\u00f6ngart hat sie zauberhaft illustriert.<\/p>\n<p>&nbsp;<\/p>\n<p>Sie erz\u00e4hlt von der kleinen Mia, die heute zum ersten Mal auf der M\u00e4rlitramn mitfahren darf.\u00a0 Sie wartet aufgeregt am Bahnsteig , als ihr ein weinender Junge begegnet, der kein Ticket hat, aber auch mitfahren m\u00f6chte. Soll sie dem Jungen namens Nico ihr Ticket schenken und selbst auf die Fahrt verzichten?\u00a0 Als sie genau das getan hat, intervenieren die beiden Engel und der Samichlaus und holen Mia in die Tram. Gemeinsam genie\u00dfen sie dann eine wunderbare Fahrt.<\/p>\n<p>&nbsp;<\/p>\n<p>Das Lied, das die Kinder auf der M\u00e4rlitram singen ist gegen Ende des Buches abgedruckt mit einem Link zu einem Download.<\/p>\n<p>&nbsp;<\/p>\n<p>&nbsp;<\/p>\n","protected":false},"excerpt":{"rendered":"<p>&nbsp; &nbsp; &nbsp; Boni Koller, Christiane Sch\u00f6ngart, Eine zauberhafte Reise im M\u00e4rlitram, Nord S\u00fcd Verlag 2018, ISBN 978-3-314-10454-1 &nbsp; Der 1913 gebaute Wagen der Z\u00fcricher Stra\u00dfenbahn is der \u00e4lteste ihrer Flotte und verkehrt seit 1958 in der Weihnachtszeit auf einem Rundkurs in der Z\u00fcrcher Innenstadt. Zum weihnachtlich verzierten Tram \u2013 fr\u00fcher in weiss, heute in &hellip; <a href=\"https:\/\/blog.liesdoch.de\/?p=6498\" class=\"more-link\"><span class=\"screen-reader-text\">Eine zauberhafte Reise im M\u00e4rlitram<\/span> weiterlesen <span class=\"meta-nav\">&rarr;<\/span><\/a><\/p>\n","protected":false},"author":6,"featured_media":0,"comment_status":"closed","ping_status":"open","sticky":false,"template":"","format":"standard","meta":{"footnotes":""},"categories":[1],"tags":[],"class_list":["post-6498","post","type-post","status-publish","format-standard","hentry","category-allgemein"],"_links":{"self":[{"href":"https:\/\/blog.liesdoch.de\/index.php?rest_route=\/wp\/v2\/posts\/6498","targetHints":{"allow":["GET"]}}],"collection":[{"href":"https:\/\/blog.liesdoch.de\/index.php?rest_route=\/wp\/v2\/posts"}],"about":[{"href":"https:\/\/blog.liesdoch.de\/index.php?rest_route=\/wp\/v2\/types\/post"}],"author":[{"embeddable":true,"href":"https:\/\/blog.liesdoch.de\/index.php?rest_route=\/wp\/v2\/users\/6"}],"replies":[{"embeddable":true,"href":"https:\/\/blog.liesdoch.de\/index.php?rest_route=%2Fwp%2Fv2%2Fcomments&post=6498"}],"version-history":[{"count":1,"href":"https:\/\/blog.liesdoch.de\/index.php?rest_route=\/wp\/v2\/posts\/6498\/revisions"}],"predecessor-version":[{"id":6500,"href":"https:\/\/blog.liesdoch.de\/index.php?rest_route=\/wp\/v2\/posts\/6498\/revisions\/6500"}],"wp:attachment":[{"href":"https:\/\/blog.liesdoch.de\/index.php?rest_route=%2Fwp%2Fv2%2Fmedia&parent=6498"}],"wp:term":[{"taxonomy":"category","embeddable":true,"href":"https:\/\/blog.liesdoch.de\/index.php?rest_route=%2Fwp%2Fv2%2Fcategories&post=6498"},{"taxonomy":"post_tag","embeddable":true,"href":"https:\/\/blog.liesdoch.de\/index.php?rest_route=%2Fwp%2Fv2%2Ftags&post=6498"}],"curies":[{"name":"wp","href":"https:\/\/api.w.org\/{rel}","templated":true}]}}