{"id":6529,"date":"2018-10-02T10:02:06","date_gmt":"2018-10-02T08:02:06","guid":{"rendered":"http:\/\/blog.liesdoch.de\/?p=6529"},"modified":"2018-10-02T10:02:06","modified_gmt":"2018-10-02T08:02:06","slug":"mein-skandinavien-2019","status":"publish","type":"post","link":"https:\/\/blog.liesdoch.de\/?p=6529","title":{"rendered":"Mein Skandinavien 2019"},"content":{"rendered":"<p>&nbsp;<\/p>\n<p>&nbsp;<\/p>\n<p>&nbsp;<\/p>\n<p>&nbsp;<\/p>\n<p>&nbsp;<\/p>\n<p><a href=\"http:\/\/blog.liesdoch.de\/wp-content\/uploads\/2018\/10\/50400124n.jpg\"><img loading=\"lazy\" decoding=\"async\" class=\"alignnone size-full wp-image-6530\" src=\"http:\/\/blog.liesdoch.de\/wp-content\/uploads\/2018\/10\/50400124n.jpg\" alt=\"\" width=\"242\" height=\"198\" \/><\/a><\/p>\n<p>Dumont Kalenderverlag (Hg.), Mein Skandinavien 2019, Dumont Kalenderverlag 2018, ISBN 978-3-8320-3916-5<\/p>\n<p>&nbsp;<\/p>\n<p>Auch f\u00fcr das Jahr 2019 hat der Dumont Kalenderverlag wunderbare Fotografien von verschiedenen Fotografen mit Motiven aus den L\u00e4ndern Skandinaviens zu einem wunderbaren Wandkalender zusammengestellt.<\/p>\n<p>Motive aus D\u00e4nemark, Schweden, Finnland, Island, Norwegen und den Far\u00f6er-Inseln zeigen \u00fcber die verschiedenen Jahreszeiten die wunderbaren Landschaften Nordeuropas, darunter auch f\u00fcr den September jene ber\u00fchmte Ansicht des Geirangerfjords .<\/p>\n<p>&nbsp;<\/p>\n<p>Ich selber stand im vergangenen Jahr an der Stelle, von der aus der Fotograf jenes das Titelblatt des Kalenders zierende Foto gemacht hat, und darf es im Rahmen einer Kreuzfahrt 2019 noch einmal tun. Sie wird mich \u00fcber die Faroer-Inseln nach Island, Spitzbergen und dann von Nordkap die norwegische K\u00fcste nach S\u00fcden f\u00fchren. Der Kalender an einer Wand wird mir jeden Tag die Vorfreude darauf erhalten.<\/p>\n","protected":false},"excerpt":{"rendered":"<p>&nbsp; &nbsp; &nbsp; &nbsp; &nbsp; Dumont Kalenderverlag (Hg.), Mein Skandinavien 2019, Dumont Kalenderverlag 2018, ISBN 978-3-8320-3916-5 &nbsp; Auch f\u00fcr das Jahr 2019 hat der Dumont Kalenderverlag wunderbare Fotografien von verschiedenen Fotografen mit Motiven aus den L\u00e4ndern Skandinaviens zu einem wunderbaren Wandkalender zusammengestellt. Motive aus D\u00e4nemark, Schweden, Finnland, Island, Norwegen und den Far\u00f6er-Inseln zeigen \u00fcber die &hellip; <a href=\"https:\/\/blog.liesdoch.de\/?p=6529\" class=\"more-link\"><span class=\"screen-reader-text\">Mein Skandinavien 2019<\/span> weiterlesen <span class=\"meta-nav\">&rarr;<\/span><\/a><\/p>\n","protected":false},"author":6,"featured_media":0,"comment_status":"closed","ping_status":"open","sticky":false,"template":"","format":"standard","meta":{"footnotes":""},"categories":[1],"tags":[],"class_list":["post-6529","post","type-post","status-publish","format-standard","hentry","category-allgemein"],"_links":{"self":[{"href":"https:\/\/blog.liesdoch.de\/index.php?rest_route=\/wp\/v2\/posts\/6529","targetHints":{"allow":["GET"]}}],"collection":[{"href":"https:\/\/blog.liesdoch.de\/index.php?rest_route=\/wp\/v2\/posts"}],"about":[{"href":"https:\/\/blog.liesdoch.de\/index.php?rest_route=\/wp\/v2\/types\/post"}],"author":[{"embeddable":true,"href":"https:\/\/blog.liesdoch.de\/index.php?rest_route=\/wp\/v2\/users\/6"}],"replies":[{"embeddable":true,"href":"https:\/\/blog.liesdoch.de\/index.php?rest_route=%2Fwp%2Fv2%2Fcomments&post=6529"}],"version-history":[{"count":1,"href":"https:\/\/blog.liesdoch.de\/index.php?rest_route=\/wp\/v2\/posts\/6529\/revisions"}],"predecessor-version":[{"id":6531,"href":"https:\/\/blog.liesdoch.de\/index.php?rest_route=\/wp\/v2\/posts\/6529\/revisions\/6531"}],"wp:attachment":[{"href":"https:\/\/blog.liesdoch.de\/index.php?rest_route=%2Fwp%2Fv2%2Fmedia&parent=6529"}],"wp:term":[{"taxonomy":"category","embeddable":true,"href":"https:\/\/blog.liesdoch.de\/index.php?rest_route=%2Fwp%2Fv2%2Fcategories&post=6529"},{"taxonomy":"post_tag","embeddable":true,"href":"https:\/\/blog.liesdoch.de\/index.php?rest_route=%2Fwp%2Fv2%2Ftags&post=6529"}],"curies":[{"name":"wp","href":"https:\/\/api.w.org\/{rel}","templated":true}]}}