{"id":6542,"date":"2018-10-04T13:58:07","date_gmt":"2018-10-04T11:58:07","guid":{"rendered":"http:\/\/blog.liesdoch.de\/?p=6542"},"modified":"2018-10-04T13:58:07","modified_gmt":"2018-10-04T11:58:07","slug":"das-kaff","status":"publish","type":"post","link":"https:\/\/blog.liesdoch.de\/?p=6542","title":{"rendered":"Das Kaff"},"content":{"rendered":"<p>&nbsp;<\/p>\n<p>&nbsp;<\/p>\n<p>&nbsp;<\/p>\n<p><a href=\"http:\/\/blog.liesdoch.de\/wp-content\/uploads\/2018\/10\/49732541n.jpg\"><img loading=\"lazy\" decoding=\"async\" class=\"alignnone size-medium wp-image-6543\" src=\"http:\/\/blog.liesdoch.de\/wp-content\/uploads\/2018\/10\/49732541n-174x300.jpg\" alt=\"\" width=\"174\" height=\"300\" srcset=\"https:\/\/blog.liesdoch.de\/wp-content\/uploads\/2018\/10\/49732541n-174x300.jpg 174w, https:\/\/blog.liesdoch.de\/wp-content\/uploads\/2018\/10\/49732541n.jpg 232w\" sizes=\"auto, (max-width: 174px) 100vw, 174px\" \/><\/a><\/p>\n<p>Jan B\u00f6ttcher, Das Kaff, Aufbau Verlag 2018, ISBN 978-3-351-03716-1<\/p>\n<p>&nbsp;<\/p>\n<p>23 Jahre ist es her, dass der mittlerweile als Architekt arbeitende Michael Sch\u00fcrz, die Hauptperson des Romans von Jan B\u00f6ttcher, sein Heimatort, despektierlich-liebevoll als das Kaff bezeichnet, verlassen hat. Eigentlich wollte er, der auf die Familie, seine Verwandtschaft, ehemalige Freunde und die Erinnerung an seine Vergangenheit pfeift, niemals wieder die Gro\u00dfstadt verlassen, um etwa seinem Kaff einen Besuch abzustatten.<\/p>\n<p>&nbsp;<\/p>\n<p>Als ihn ein Bauleiterjob ihn genau dorthin bringt, wo er nie wieder hin wollte, seinen Heimatort, macht er dort gegen seinen Willen ganz erstaunliche Erfahrungen, die B\u00f6ttcher mit viel Witz und einer Wehmut, der man die eigene Erfahrung absp\u00fcrt beschreibt.<\/p>\n<p>&nbsp;<\/p>\n<p>Die Menschen dort in seinem Kaff kommen ihm sehr schnell n\u00e4her als er es eigentlich wollte und auch seine mittlerweile verstorbene Mutter geistert in seinen Gedanken herum. Die Passagen des Dialogs mit der toten Mutter und dem Versuch von Michael Sch\u00fcrz etwas zu kl\u00e4ren, was l\u00e4ngst nicht mehr zu kl\u00e4ren ist, sind beeindruckend.<\/p>\n<p>&nbsp;<\/p>\n<p>Irgendwann im Laufe des kunstvoll aus einzelnen Episoden zusammengesetzten Romans wird ihm deutlich das er auch in der Gro\u00dfstadt nie mehr als ein Nobody aus einem Kaff in der norddeutschen Tiefebene. Und dass er sein Leben genauso gut hier neu beginnen kann.<\/p>\n<p>&nbsp;<\/p>\n<p>In Jan B\u00f6ttchers Roman wird fast schmerzhaft deutlich, wie der Unterschied zwischen Stadt und Land, zwischen Unten und Oben eine kulturelle Kluft geschaffen hat.<\/p>\n<p>&nbsp;<\/p>\n<p>Wer jemals mit Hochmut an sein Heimatkaff gedacht hat, sollte diesen Roman lesen.<\/p>\n<p>&nbsp;<\/p>\n<p>&nbsp;<\/p>\n<p>&nbsp;<\/p>\n<p>&nbsp;<\/p>\n<p>&nbsp;<\/p>\n","protected":false},"excerpt":{"rendered":"<p>&nbsp; &nbsp; &nbsp; Jan B\u00f6ttcher, Das Kaff, Aufbau Verlag 2018, ISBN 978-3-351-03716-1 &nbsp; 23 Jahre ist es her, dass der mittlerweile als Architekt arbeitende Michael Sch\u00fcrz, die Hauptperson des Romans von Jan B\u00f6ttcher, sein Heimatort, despektierlich-liebevoll als das Kaff bezeichnet, verlassen hat. Eigentlich wollte er, der auf die Familie, seine Verwandtschaft, ehemalige Freunde und die &hellip; <a href=\"https:\/\/blog.liesdoch.de\/?p=6542\" class=\"more-link\"><span class=\"screen-reader-text\">Das Kaff<\/span> weiterlesen <span class=\"meta-nav\">&rarr;<\/span><\/a><\/p>\n","protected":false},"author":6,"featured_media":0,"comment_status":"closed","ping_status":"open","sticky":false,"template":"","format":"standard","meta":{"footnotes":""},"categories":[1],"tags":[],"class_list":["post-6542","post","type-post","status-publish","format-standard","hentry","category-allgemein"],"_links":{"self":[{"href":"https:\/\/blog.liesdoch.de\/index.php?rest_route=\/wp\/v2\/posts\/6542","targetHints":{"allow":["GET"]}}],"collection":[{"href":"https:\/\/blog.liesdoch.de\/index.php?rest_route=\/wp\/v2\/posts"}],"about":[{"href":"https:\/\/blog.liesdoch.de\/index.php?rest_route=\/wp\/v2\/types\/post"}],"author":[{"embeddable":true,"href":"https:\/\/blog.liesdoch.de\/index.php?rest_route=\/wp\/v2\/users\/6"}],"replies":[{"embeddable":true,"href":"https:\/\/blog.liesdoch.de\/index.php?rest_route=%2Fwp%2Fv2%2Fcomments&post=6542"}],"version-history":[{"count":1,"href":"https:\/\/blog.liesdoch.de\/index.php?rest_route=\/wp\/v2\/posts\/6542\/revisions"}],"predecessor-version":[{"id":6544,"href":"https:\/\/blog.liesdoch.de\/index.php?rest_route=\/wp\/v2\/posts\/6542\/revisions\/6544"}],"wp:attachment":[{"href":"https:\/\/blog.liesdoch.de\/index.php?rest_route=%2Fwp%2Fv2%2Fmedia&parent=6542"}],"wp:term":[{"taxonomy":"category","embeddable":true,"href":"https:\/\/blog.liesdoch.de\/index.php?rest_route=%2Fwp%2Fv2%2Fcategories&post=6542"},{"taxonomy":"post_tag","embeddable":true,"href":"https:\/\/blog.liesdoch.de\/index.php?rest_route=%2Fwp%2Fv2%2Ftags&post=6542"}],"curies":[{"name":"wp","href":"https:\/\/api.w.org\/{rel}","templated":true}]}}