{"id":6624,"date":"2018-10-17T12:32:07","date_gmt":"2018-10-17T10:32:07","guid":{"rendered":"http:\/\/blog.liesdoch.de\/?p=6624"},"modified":"2018-10-17T12:32:07","modified_gmt":"2018-10-17T10:32:07","slug":"die-schneiderin-des-nebels","status":"publish","type":"post","link":"https:\/\/blog.liesdoch.de\/?p=6624","title":{"rendered":"Die Schneiderin des Nebels"},"content":{"rendered":"<p>&nbsp;<\/p>\n<p>&nbsp;<\/p>\n<p>&nbsp;<\/p>\n<p><a href=\"http:\/\/blog.liesdoch.de\/wp-content\/uploads\/2018\/10\/51614640n.jpg\"><img loading=\"lazy\" decoding=\"async\" class=\"alignnone size-medium wp-image-6625\" src=\"http:\/\/blog.liesdoch.de\/wp-content\/uploads\/2018\/10\/51614640n-217x300.jpg\" alt=\"\" width=\"217\" height=\"300\" srcset=\"https:\/\/blog.liesdoch.de\/wp-content\/uploads\/2018\/10\/51614640n-217x300.jpg 217w, https:\/\/blog.liesdoch.de\/wp-content\/uploads\/2018\/10\/51614640n.jpg 242w\" sizes=\"auto, (max-width: 217px) 100vw, 217px\" \/><\/a><\/p>\n<p>Agnes de Lestrade, Valeria Docampo, Die Schneiderin des Nebels, Mixtvision 2018, ISBN 978-3-95854-130-6<\/p>\n<p>&nbsp;<\/p>\n<p>Mit \u201eDie Schneiderin des Nebels\u201c legen Agnes de Lestrade und die Illustratorin Valeria Docampo ein weiteres Beispiel einer sehr erfolgreichen Zusammenarbeit vor.<\/p>\n<p>&nbsp;<\/p>\n<p>Es erz\u00e4hlt mit warmherziger Sprache und zarten Bildern von dem M\u00e4dchen Rosa. Rosa hat eine ganz besondere Gabe. Sie kann aus Nebel Stoffe weben, die im ganzen Land sehr begehrt sind. Denn mit diesen Stoffen k\u00f6nnen die Menschen im Land unbeliebte Dinge und ungewollte Gef\u00fchle unter einem dicken Schleier verh\u00fcllen und verstecken. Auch ihr eigenes Leben ist seltsam verh\u00fcllt.<\/p>\n<p>&nbsp;<\/p>\n<p>Doch dann erh\u00e4lt sie einen Brief von ihrem Vater, den sie nach seiner Trennung von der Familie lange nicht mehr gesehen hat, was Teil ihrer gro\u00dfen Traurigkeit ist. Er k\u00fcndigt sein Kommen an und das bringt pl\u00f6tzlich wieder neues Licht in ihr Leben.<\/p>\n<p>&nbsp;<\/p>\n<p>\u201eDie Schneiderin des Nebels\u201c ist ein wunderbares, zart poetisches Bilderbuch mit einer warmherzigen und leisen Geschichte \u00fcber den fl\u00fcchtigen Nebel, der uns so oft umgibt und den Blick auf das Wesentliche versperrt.<\/p>\n<p>&nbsp;<\/p>\n","protected":false},"excerpt":{"rendered":"<p>&nbsp; &nbsp; &nbsp; Agnes de Lestrade, Valeria Docampo, Die Schneiderin des Nebels, Mixtvision 2018, ISBN 978-3-95854-130-6 &nbsp; Mit \u201eDie Schneiderin des Nebels\u201c legen Agnes de Lestrade und die Illustratorin Valeria Docampo ein weiteres Beispiel einer sehr erfolgreichen Zusammenarbeit vor. &nbsp; Es erz\u00e4hlt mit warmherziger Sprache und zarten Bildern von dem M\u00e4dchen Rosa. Rosa hat eine &hellip; <a href=\"https:\/\/blog.liesdoch.de\/?p=6624\" class=\"more-link\"><span class=\"screen-reader-text\">Die Schneiderin des Nebels<\/span> weiterlesen <span class=\"meta-nav\">&rarr;<\/span><\/a><\/p>\n","protected":false},"author":6,"featured_media":0,"comment_status":"closed","ping_status":"open","sticky":false,"template":"","format":"standard","meta":{"footnotes":""},"categories":[1],"tags":[],"class_list":["post-6624","post","type-post","status-publish","format-standard","hentry","category-allgemein"],"_links":{"self":[{"href":"https:\/\/blog.liesdoch.de\/index.php?rest_route=\/wp\/v2\/posts\/6624","targetHints":{"allow":["GET"]}}],"collection":[{"href":"https:\/\/blog.liesdoch.de\/index.php?rest_route=\/wp\/v2\/posts"}],"about":[{"href":"https:\/\/blog.liesdoch.de\/index.php?rest_route=\/wp\/v2\/types\/post"}],"author":[{"embeddable":true,"href":"https:\/\/blog.liesdoch.de\/index.php?rest_route=\/wp\/v2\/users\/6"}],"replies":[{"embeddable":true,"href":"https:\/\/blog.liesdoch.de\/index.php?rest_route=%2Fwp%2Fv2%2Fcomments&post=6624"}],"version-history":[{"count":1,"href":"https:\/\/blog.liesdoch.de\/index.php?rest_route=\/wp\/v2\/posts\/6624\/revisions"}],"predecessor-version":[{"id":6626,"href":"https:\/\/blog.liesdoch.de\/index.php?rest_route=\/wp\/v2\/posts\/6624\/revisions\/6626"}],"wp:attachment":[{"href":"https:\/\/blog.liesdoch.de\/index.php?rest_route=%2Fwp%2Fv2%2Fmedia&parent=6624"}],"wp:term":[{"taxonomy":"category","embeddable":true,"href":"https:\/\/blog.liesdoch.de\/index.php?rest_route=%2Fwp%2Fv2%2Fcategories&post=6624"},{"taxonomy":"post_tag","embeddable":true,"href":"https:\/\/blog.liesdoch.de\/index.php?rest_route=%2Fwp%2Fv2%2Ftags&post=6624"}],"curies":[{"name":"wp","href":"https:\/\/api.w.org\/{rel}","templated":true}]}}