{"id":6638,"date":"2018-10-18T14:28:52","date_gmt":"2018-10-18T12:28:52","guid":{"rendered":"http:\/\/blog.liesdoch.de\/?p=6638"},"modified":"2018-10-18T14:28:52","modified_gmt":"2018-10-18T12:28:52","slug":"polarlicht-2019","status":"publish","type":"post","link":"https:\/\/blog.liesdoch.de\/?p=6638","title":{"rendered":"Polarlicht 2019"},"content":{"rendered":"<p>&nbsp;<\/p>\n<p>&nbsp;<\/p>\n<p>&nbsp;<\/p>\n<p><a href=\"http:\/\/blog.liesdoch.de\/wp-content\/uploads\/2018\/10\/50795311n.jpg\"><img loading=\"lazy\" decoding=\"async\" class=\"alignnone size-full wp-image-6639\" src=\"http:\/\/blog.liesdoch.de\/wp-content\/uploads\/2018\/10\/50795311n.jpg\" alt=\"\" width=\"242\" height=\"202\" \/><\/a><\/p>\n<p>Polarlicht 2019, Delius Klasing Verlag 2018, ISBN 978-3-667-11139-5<\/p>\n<p>&nbsp;<\/p>\n<p>Seit Menschengedenken sind die Menschen, die sie beobachten konnten. von den Polarlichtern fasziniert. Schon in der Antike beschrieben, galten diese Lichtph\u00e4nomene \u00a0fr\u00fcher als mystischer Zauber oder Vorboten drohenden Unheils.<\/p>\n<p>Heute wei\u00df man, dass sie durch Eruptionen auf der Sonne entstehen. Dabei werden geladene Partikel \u2013 Elektronen aber auch Protonen \u2013 erzeugt und ins All geschleudert: der sogenannte Sonnenwind. Treffen diese Teilchen auf das Magnetfeld der Erde, bringen sie in den oberen Schichten der Erdatmosph\u00e4re die Luftmolek\u00fcle zum Leuchten. Polarlicht tritt haupts\u00e4chlich in den Polarregionen auf, weil die Sonnenwindteilchen vom Magnetfeld der Erde zu den magnetischen Polen gelenkt werden.<\/p>\n<p>&nbsp;<\/p>\n<p>Der vorliegende Kalender sp\u00fcrt mit 12 beeindruckenden Fotografien verschiedener Fotografen diesem Ph\u00e4nomen Aurela Borealis nach und zeigt Polarlichter in ganz unterschiedlichen Farben, je nach Beschaffenheit der Atmosph\u00e4re.<\/p>\n<p>&nbsp;<\/p>\n<p>F\u00fcr alle Freunde der Orte und L\u00e4nder n\u00f6rdlich des Polarkreises, die vielleicht wie der Rezensent bei seinem Aufenthalt dort vergeblich auf ein Polarlicht gewartet haben, ein sch\u00f6ner Kalender zum t\u00e4glichen Staunen \u00fcber das mystische Polarlicht in all seinen faszinierenden Erscheinungsformen.<\/p>\n<p>&nbsp;<\/p>\n","protected":false},"excerpt":{"rendered":"<p>&nbsp; &nbsp; &nbsp; Polarlicht 2019, Delius Klasing Verlag 2018, ISBN 978-3-667-11139-5 &nbsp; Seit Menschengedenken sind die Menschen, die sie beobachten konnten. von den Polarlichtern fasziniert. Schon in der Antike beschrieben, galten diese Lichtph\u00e4nomene \u00a0fr\u00fcher als mystischer Zauber oder Vorboten drohenden Unheils. Heute wei\u00df man, dass sie durch Eruptionen auf der Sonne entstehen. Dabei werden geladene &hellip; <a href=\"https:\/\/blog.liesdoch.de\/?p=6638\" class=\"more-link\"><span class=\"screen-reader-text\">Polarlicht 2019<\/span> weiterlesen <span class=\"meta-nav\">&rarr;<\/span><\/a><\/p>\n","protected":false},"author":6,"featured_media":0,"comment_status":"closed","ping_status":"open","sticky":false,"template":"","format":"standard","meta":{"footnotes":""},"categories":[1],"tags":[],"class_list":["post-6638","post","type-post","status-publish","format-standard","hentry","category-allgemein"],"_links":{"self":[{"href":"https:\/\/blog.liesdoch.de\/index.php?rest_route=\/wp\/v2\/posts\/6638","targetHints":{"allow":["GET"]}}],"collection":[{"href":"https:\/\/blog.liesdoch.de\/index.php?rest_route=\/wp\/v2\/posts"}],"about":[{"href":"https:\/\/blog.liesdoch.de\/index.php?rest_route=\/wp\/v2\/types\/post"}],"author":[{"embeddable":true,"href":"https:\/\/blog.liesdoch.de\/index.php?rest_route=\/wp\/v2\/users\/6"}],"replies":[{"embeddable":true,"href":"https:\/\/blog.liesdoch.de\/index.php?rest_route=%2Fwp%2Fv2%2Fcomments&post=6638"}],"version-history":[{"count":1,"href":"https:\/\/blog.liesdoch.de\/index.php?rest_route=\/wp\/v2\/posts\/6638\/revisions"}],"predecessor-version":[{"id":6640,"href":"https:\/\/blog.liesdoch.de\/index.php?rest_route=\/wp\/v2\/posts\/6638\/revisions\/6640"}],"wp:attachment":[{"href":"https:\/\/blog.liesdoch.de\/index.php?rest_route=%2Fwp%2Fv2%2Fmedia&parent=6638"}],"wp:term":[{"taxonomy":"category","embeddable":true,"href":"https:\/\/blog.liesdoch.de\/index.php?rest_route=%2Fwp%2Fv2%2Fcategories&post=6638"},{"taxonomy":"post_tag","embeddable":true,"href":"https:\/\/blog.liesdoch.de\/index.php?rest_route=%2Fwp%2Fv2%2Ftags&post=6638"}],"curies":[{"name":"wp","href":"https:\/\/api.w.org\/{rel}","templated":true}]}}