{"id":6641,"date":"2018-10-18T14:29:24","date_gmt":"2018-10-18T12:29:24","guid":{"rendered":"http:\/\/blog.liesdoch.de\/?p=6641"},"modified":"2018-10-18T14:29:24","modified_gmt":"2018-10-18T12:29:24","slug":"das-meer-2019","status":"publish","type":"post","link":"https:\/\/blog.liesdoch.de\/?p=6641","title":{"rendered":"Das Meer 2019"},"content":{"rendered":"<p>&nbsp;<\/p>\n<p>&nbsp;<\/p>\n<p><a href=\"http:\/\/blog.liesdoch.de\/wp-content\/uploads\/2018\/10\/50396432n.jpg\"><img loading=\"lazy\" decoding=\"async\" class=\"alignnone size-full wp-image-6642\" src=\"http:\/\/blog.liesdoch.de\/wp-content\/uploads\/2018\/10\/50396432n.jpg\" alt=\"\" width=\"242\" height=\"201\" \/><\/a><\/p>\n<p>Dumont Kalenderverlag, Das Meer 2019, ISBN 978-3-8320-3902-8<\/p>\n<p>&nbsp;<\/p>\n<p>Schon immer hat das Meer die Menschen begeistert und angezogen. Die Menschen, die in seiner direkten N\u00e4he wohnen, haben Respekt vor ihm und \u00fcber die Generationen gelernt, mit ihm zu leben. F\u00fcr die anderen ist das Meer ein Ort von Sehnsucht und Anziehung zugleich.<\/p>\n<p>&nbsp;<\/p>\n<p>Der vorliegende Kalender mit Fotografien verschiedener Fotografen und Agenturen spricht besonders diejenigen an, die das Meer nur w\u00e4hrend ihrer Urlaubszeiten besuchen k\u00f6nnen. Aus ihnen strhlt die ungeheure Kraft und Faszination des Meeres. Einsame Str\u00e4nde und sanfte Wellen, schroffe K\u00fcsten und tosende Brandung \u2013 die stimmungsvollen Fotografien in diesem hochwertigen Wandkalender zeigen das Meer zu allen Jahreszeiten und in all seinen Facetten \u2013 mal kraftvoll und als Urgewalt, mal still und voller Romantik.<\/p>\n<p>&nbsp;<\/p>\n<p>Die Bilder der verschiedenen Monate zeigen Motive aus allen Teilen Europas aber auch von fernen Str\u00e4nden.<\/p>\n<p>&nbsp;<\/p>\n<p>&nbsp;<\/p>\n","protected":false},"excerpt":{"rendered":"<p>&nbsp; &nbsp; Dumont Kalenderverlag, Das Meer 2019, ISBN 978-3-8320-3902-8 &nbsp; Schon immer hat das Meer die Menschen begeistert und angezogen. Die Menschen, die in seiner direkten N\u00e4he wohnen, haben Respekt vor ihm und \u00fcber die Generationen gelernt, mit ihm zu leben. F\u00fcr die anderen ist das Meer ein Ort von Sehnsucht und Anziehung zugleich. &nbsp; &hellip; <a href=\"https:\/\/blog.liesdoch.de\/?p=6641\" class=\"more-link\"><span class=\"screen-reader-text\">Das Meer 2019<\/span> weiterlesen <span class=\"meta-nav\">&rarr;<\/span><\/a><\/p>\n","protected":false},"author":6,"featured_media":0,"comment_status":"closed","ping_status":"open","sticky":false,"template":"","format":"standard","meta":{"footnotes":""},"categories":[1],"tags":[],"class_list":["post-6641","post","type-post","status-publish","format-standard","hentry","category-allgemein"],"_links":{"self":[{"href":"https:\/\/blog.liesdoch.de\/index.php?rest_route=\/wp\/v2\/posts\/6641","targetHints":{"allow":["GET"]}}],"collection":[{"href":"https:\/\/blog.liesdoch.de\/index.php?rest_route=\/wp\/v2\/posts"}],"about":[{"href":"https:\/\/blog.liesdoch.de\/index.php?rest_route=\/wp\/v2\/types\/post"}],"author":[{"embeddable":true,"href":"https:\/\/blog.liesdoch.de\/index.php?rest_route=\/wp\/v2\/users\/6"}],"replies":[{"embeddable":true,"href":"https:\/\/blog.liesdoch.de\/index.php?rest_route=%2Fwp%2Fv2%2Fcomments&post=6641"}],"version-history":[{"count":1,"href":"https:\/\/blog.liesdoch.de\/index.php?rest_route=\/wp\/v2\/posts\/6641\/revisions"}],"predecessor-version":[{"id":6643,"href":"https:\/\/blog.liesdoch.de\/index.php?rest_route=\/wp\/v2\/posts\/6641\/revisions\/6643"}],"wp:attachment":[{"href":"https:\/\/blog.liesdoch.de\/index.php?rest_route=%2Fwp%2Fv2%2Fmedia&parent=6641"}],"wp:term":[{"taxonomy":"category","embeddable":true,"href":"https:\/\/blog.liesdoch.de\/index.php?rest_route=%2Fwp%2Fv2%2Fcategories&post=6641"},{"taxonomy":"post_tag","embeddable":true,"href":"https:\/\/blog.liesdoch.de\/index.php?rest_route=%2Fwp%2Fv2%2Ftags&post=6641"}],"curies":[{"name":"wp","href":"https:\/\/api.w.org\/{rel}","templated":true}]}}