{"id":6654,"date":"2018-10-24T08:33:55","date_gmt":"2018-10-24T06:33:55","guid":{"rendered":"http:\/\/blog.liesdoch.de\/?p=6654"},"modified":"2018-10-24T08:33:55","modified_gmt":"2018-10-24T06:33:55","slug":"waves-2019","status":"publish","type":"post","link":"https:\/\/blog.liesdoch.de\/?p=6654","title":{"rendered":"Waves 2019"},"content":{"rendered":"<p>&nbsp;<\/p>\n<p>&nbsp;<\/p>\n<p>&nbsp;<\/p>\n<p><a href=\"http:\/\/blog.liesdoch.de\/wp-content\/uploads\/2018\/10\/50795453n.jpg\"><img loading=\"lazy\" decoding=\"async\" class=\"alignnone size-full wp-image-6655\" src=\"http:\/\/blog.liesdoch.de\/wp-content\/uploads\/2018\/10\/50795453n.jpg\" alt=\"\" width=\"242\" height=\"202\" \/><\/a><\/p>\n<p>Ray Collins, Waves 2019, Delius Klasing 2018, ISBN 978-3-667-11149-4<\/p>\n<p>&nbsp;<\/p>\n<p>F\u00fcr seinen Waves Kalender 2018, ebenfalls bei Delius Klasing erschienen ist, wurde der Fotograf und Wellenreiter Ray Collins mit dem Gregor Calendar Award in Silber ausgezeichnet, nachdem er in fr\u00fcheren Jahren zahlreiche weitere internationale Auszeichnungen erhalten hatte.<\/p>\n<p>&nbsp;<\/p>\n<p>Wellen, besonders hohe Wellen zu fotografieren, den fl\u00fcchtigen Moment zu erwischen, in dem sich eine Welle zu einem kunstvollen Gebilde aus dem Meer erhebt, um Sekundenbruchteile danach wieder in sich zusammenzufallen, das ist eine Kunst, die Ray Collins mit gro\u00dfer Leidenschaft beherrscht. Die Kunst, genau in dem kurzen Augenblick auf den Ausl\u00f6ser zu dr\u00fccken, in dem sich Licht und Meereswellen zu atemberaubenden Kunstwerken verbinden, hat er perfektioniert.,<\/p>\n<p>&nbsp;<\/p>\n<p>In dem hier vorliegenden Kalender \u201eWaves 2019\u201c zeigt er zw\u00f6lf beeindruckende Beispiele. Jedem seiner Wellenkunstwerke hat er einen Namen gegeben. Sie laden zum t\u00e4glichen Staunen \u00fcber die Kraft der Natur ein.<\/p>\n<p>&nbsp;<\/p>\n<p>&nbsp;<\/p>\n<p>&nbsp;<\/p>\n<p>&nbsp;<\/p>\n","protected":false},"excerpt":{"rendered":"<p>&nbsp; &nbsp; &nbsp; Ray Collins, Waves 2019, Delius Klasing 2018, ISBN 978-3-667-11149-4 &nbsp; F\u00fcr seinen Waves Kalender 2018, ebenfalls bei Delius Klasing erschienen ist, wurde der Fotograf und Wellenreiter Ray Collins mit dem Gregor Calendar Award in Silber ausgezeichnet, nachdem er in fr\u00fcheren Jahren zahlreiche weitere internationale Auszeichnungen erhalten hatte. &nbsp; Wellen, besonders hohe Wellen &hellip; <a href=\"https:\/\/blog.liesdoch.de\/?p=6654\" class=\"more-link\"><span class=\"screen-reader-text\">Waves 2019<\/span> weiterlesen <span class=\"meta-nav\">&rarr;<\/span><\/a><\/p>\n","protected":false},"author":6,"featured_media":0,"comment_status":"closed","ping_status":"open","sticky":false,"template":"","format":"standard","meta":{"footnotes":""},"categories":[1],"tags":[],"class_list":["post-6654","post","type-post","status-publish","format-standard","hentry","category-allgemein"],"_links":{"self":[{"href":"https:\/\/blog.liesdoch.de\/index.php?rest_route=\/wp\/v2\/posts\/6654","targetHints":{"allow":["GET"]}}],"collection":[{"href":"https:\/\/blog.liesdoch.de\/index.php?rest_route=\/wp\/v2\/posts"}],"about":[{"href":"https:\/\/blog.liesdoch.de\/index.php?rest_route=\/wp\/v2\/types\/post"}],"author":[{"embeddable":true,"href":"https:\/\/blog.liesdoch.de\/index.php?rest_route=\/wp\/v2\/users\/6"}],"replies":[{"embeddable":true,"href":"https:\/\/blog.liesdoch.de\/index.php?rest_route=%2Fwp%2Fv2%2Fcomments&post=6654"}],"version-history":[{"count":1,"href":"https:\/\/blog.liesdoch.de\/index.php?rest_route=\/wp\/v2\/posts\/6654\/revisions"}],"predecessor-version":[{"id":6656,"href":"https:\/\/blog.liesdoch.de\/index.php?rest_route=\/wp\/v2\/posts\/6654\/revisions\/6656"}],"wp:attachment":[{"href":"https:\/\/blog.liesdoch.de\/index.php?rest_route=%2Fwp%2Fv2%2Fmedia&parent=6654"}],"wp:term":[{"taxonomy":"category","embeddable":true,"href":"https:\/\/blog.liesdoch.de\/index.php?rest_route=%2Fwp%2Fv2%2Fcategories&post=6654"},{"taxonomy":"post_tag","embeddable":true,"href":"https:\/\/blog.liesdoch.de\/index.php?rest_route=%2Fwp%2Fv2%2Ftags&post=6654"}],"curies":[{"name":"wp","href":"https:\/\/api.w.org\/{rel}","templated":true}]}}