{"id":6665,"date":"2018-10-25T14:06:49","date_gmt":"2018-10-25T12:06:49","guid":{"rendered":"http:\/\/blog.liesdoch.de\/?p=6665"},"modified":"2018-10-25T14:06:49","modified_gmt":"2018-10-25T12:06:49","slug":"der-insasse","status":"publish","type":"post","link":"https:\/\/blog.liesdoch.de\/?p=6665","title":{"rendered":"Der Insasse"},"content":{"rendered":"<p>&nbsp;<\/p>\n<p>&nbsp;<\/p>\n<p><a href=\"http:\/\/blog.liesdoch.de\/wp-content\/uploads\/2018\/10\/52244108n.jpg\"><img loading=\"lazy\" decoding=\"async\" class=\"alignnone size-medium wp-image-6666\" src=\"http:\/\/blog.liesdoch.de\/wp-content\/uploads\/2018\/10\/52244108n-196x300.jpg\" alt=\"\" width=\"196\" height=\"300\" srcset=\"https:\/\/blog.liesdoch.de\/wp-content\/uploads\/2018\/10\/52244108n-196x300.jpg 196w, https:\/\/blog.liesdoch.de\/wp-content\/uploads\/2018\/10\/52244108n.jpg 242w\" sizes=\"auto, (max-width: 196px) 100vw, 196px\" \/><\/a><\/p>\n<p>Sebastian Fitzek, Der Insasse, Droemer 2\u00df018, ISBN 978-3-426-28153-6<\/p>\n<p>&nbsp;<\/p>\n<p>In seinem neuen Psychothriller, der mit seinem Aufbau, seiner Thrillerqualit\u00e4t und seinen tollen \u00dcberraschungseffekten seinen Vorg\u00e4ngern in nichts nachsteht, begibt sich Sebastian Fitzek in die geschlossene Welt einer psychiatrischen Anstalt, in der in einem besonderen Hochsicherheitstrakt T\u00e4ter inhaftiert sind, f\u00fcr die das Gericht eine solche Verwahrung angeordnet hat.<\/p>\n<p>&nbsp;<\/p>\n<p>Zu ihnen geh\u00f6rt auch Guido Tramitz, ein gef\u00fchlloser Mann, der nach etlichen anderen Kindern auch vor einem Jahr den kleinen Max, den Sohn\u00a0 von Till Berghoff entf\u00fchrt und wohl auch get\u00f6tet hat. Doch w\u00e4hrend Tramitz der Polizei zu den Leichen seiner fr\u00fcheren Opfer gef\u00fchrt hat, verweigert er auf Anraten seiner Anw\u00e4ltin, die sich in ihn verliebt hat, jegliche Auskunft.<\/p>\n<p>&nbsp;<\/p>\n<p>Nachdem Till Berghoffs Ehe gescheitert ist und er durch seine aufbrausende Art auch seinen Job verloren hat, glaubt er keine andere Wahl zu haben, als sich mit Hilfe seines bei der Polizei arbeitenden Schwagers als \u201eInsasse\u201c in die Klinik einwiesen zu lassen, in der Tramitz sich befindet.<\/p>\n<p>So will er herausfinden, was mit seinem Sohn geschehen ist und wo seine Leiche zu finden ist.<br \/>\nKaum in der Klinik angekommen, tut sich f\u00fcr Till Berghoff ein Alptraum auf, der den Leser gleich von Anfang an regelrecht gefangen nimmt. In dieser Klinik ist nichts so, wie es sein sollte, Abgr\u00fcnde von Hass, Bosheit und Korruption tun sich auf, die es Till zun\u00e4chst fast unm\u00f6glich machen, an Tramitz heranzukommen. Als er dies endlich geschafft hat, geht das Drama aber erst richtig los.<\/p>\n<p>&nbsp;<\/p>\n<p>Eine atemberaubende Handlung zwingt den Leser atemlos in seine Couch oder seinen Lesesessel, gerne \u00fcbersieht er auch Stellen, wo es mit der Logik und der Wahrscheinlichkeit der geschilderten Ereignissen eher hapert. Das geht sich stiegrend so wieter bis zu einem Ende, mit dem, wie immer bei Fitzek, nicht zu rechnen war.<\/p>\n<p>&nbsp;<\/p>\n<p>Auch seine Danksagung f\u00e4llt dieses Mal aus dem Rahmen.<\/p>\n<p>&nbsp;<\/p>\n<p>Ein Thriller, mit zum Teil sehr brutalen Stellen, die mir einige Male sofort auf den Magen geschlagen sind.<\/p>\n<p>&nbsp;<\/p>\n","protected":false},"excerpt":{"rendered":"<p>&nbsp; &nbsp; Sebastian Fitzek, Der Insasse, Droemer 2\u00df018, ISBN 978-3-426-28153-6 &nbsp; In seinem neuen Psychothriller, der mit seinem Aufbau, seiner Thrillerqualit\u00e4t und seinen tollen \u00dcberraschungseffekten seinen Vorg\u00e4ngern in nichts nachsteht, begibt sich Sebastian Fitzek in die geschlossene Welt einer psychiatrischen Anstalt, in der in einem besonderen Hochsicherheitstrakt T\u00e4ter inhaftiert sind, f\u00fcr die das Gericht eine &hellip; <a href=\"https:\/\/blog.liesdoch.de\/?p=6665\" class=\"more-link\"><span class=\"screen-reader-text\">Der Insasse<\/span> weiterlesen <span class=\"meta-nav\">&rarr;<\/span><\/a><\/p>\n","protected":false},"author":6,"featured_media":0,"comment_status":"closed","ping_status":"open","sticky":false,"template":"","format":"standard","meta":{"footnotes":""},"categories":[1],"tags":[],"class_list":["post-6665","post","type-post","status-publish","format-standard","hentry","category-allgemein"],"_links":{"self":[{"href":"https:\/\/blog.liesdoch.de\/index.php?rest_route=\/wp\/v2\/posts\/6665","targetHints":{"allow":["GET"]}}],"collection":[{"href":"https:\/\/blog.liesdoch.de\/index.php?rest_route=\/wp\/v2\/posts"}],"about":[{"href":"https:\/\/blog.liesdoch.de\/index.php?rest_route=\/wp\/v2\/types\/post"}],"author":[{"embeddable":true,"href":"https:\/\/blog.liesdoch.de\/index.php?rest_route=\/wp\/v2\/users\/6"}],"replies":[{"embeddable":true,"href":"https:\/\/blog.liesdoch.de\/index.php?rest_route=%2Fwp%2Fv2%2Fcomments&post=6665"}],"version-history":[{"count":1,"href":"https:\/\/blog.liesdoch.de\/index.php?rest_route=\/wp\/v2\/posts\/6665\/revisions"}],"predecessor-version":[{"id":6667,"href":"https:\/\/blog.liesdoch.de\/index.php?rest_route=\/wp\/v2\/posts\/6665\/revisions\/6667"}],"wp:attachment":[{"href":"https:\/\/blog.liesdoch.de\/index.php?rest_route=%2Fwp%2Fv2%2Fmedia&parent=6665"}],"wp:term":[{"taxonomy":"category","embeddable":true,"href":"https:\/\/blog.liesdoch.de\/index.php?rest_route=%2Fwp%2Fv2%2Fcategories&post=6665"},{"taxonomy":"post_tag","embeddable":true,"href":"https:\/\/blog.liesdoch.de\/index.php?rest_route=%2Fwp%2Fv2%2Ftags&post=6665"}],"curies":[{"name":"wp","href":"https:\/\/api.w.org\/{rel}","templated":true}]}}