{"id":6689,"date":"2018-10-30T12:48:23","date_gmt":"2018-10-30T10:48:23","guid":{"rendered":"http:\/\/blog.liesdoch.de\/?p=6689"},"modified":"2018-10-30T12:48:23","modified_gmt":"2018-10-30T10:48:23","slug":"in-staub-und-asche","status":"publish","type":"post","link":"https:\/\/blog.liesdoch.de\/?p=6689","title":{"rendered":"In Staub und Asche"},"content":{"rendered":"<p>&nbsp;<\/p>\n<p>&nbsp;<\/p>\n<p>&nbsp;<\/p>\n<p><a href=\"http:\/\/blog.liesdoch.de\/wp-content\/uploads\/2018\/10\/52361751n.jpg\"><img loading=\"lazy\" decoding=\"async\" class=\"alignnone size-medium wp-image-6690\" src=\"http:\/\/blog.liesdoch.de\/wp-content\/uploads\/2018\/10\/52361751n-182x300.jpg\" alt=\"\" width=\"182\" height=\"300\" srcset=\"https:\/\/blog.liesdoch.de\/wp-content\/uploads\/2018\/10\/52361751n-182x300.jpg 182w, https:\/\/blog.liesdoch.de\/wp-content\/uploads\/2018\/10\/52361751n.jpg 242w\" sizes=\"auto, (max-width: 182px) 100vw, 182px\" \/><\/a><\/p>\n<p>Anne Holt, In Staub und Asche, Piper Verlag 2018, ISBN 978-3-492-05697-7<\/p>\n<p>Der neue Roman von Anne Holt \u201eIn Staub und Asche\u201c schlie\u00dft direkt an den 2017 auf Deutsch erschienen Roman \u201eEin kalter Fall\u201c an, mit dem Holt ihre ber\u00fchmte, nach einem Unfall im Rollstuhl sitzende Ermittlerin Hanne Wilhelmsen zur\u00fcck brachte und soll nach Angaben von Insidern die Serie mit dem 10 Band beenden, auch wenn das Ende des Romans das seltsam offen l\u00e4sst.<\/p>\n<p>&nbsp;<\/p>\n<p>Es geht in diesem Buch um einen Mord, der m\u00f6glicherweis ein Selbstmord gewesen ist und einen Selbstmord, der vermutlich ein Mord war. Es sind zwei inoffizielle F\u00e4lle, die dem ungew\u00f6hnlichen Ermittlerteam Hanne Wilhelmsen und Hendrik Holme da begegnen. Hanne glaubt einfach nicht an den Selbstmord der rechtradikalen Iselin Havorn, die sie selbst im letzten Band \u00fcberf\u00fchrt hatte und Hendrik ist geradezu besessen davon, die Unschuld von Jonas Abrahamsen zu beweisen, der nie dar\u00fcber hinweggekommen ist, seine kleine Tochter bei einem tragischen Unfall verloren zu haben und f\u00fcr einen Mord an seiner Frau zu 12 Jahren Haft verurteilt worden zu sein , den er nie begangen hat.<\/p>\n<p>&nbsp;<\/p>\n<p>Mit gro\u00dfer Hartn\u00e4ckigkeit\u00a0 und Leidenschaft arbeiten die beiden Ermittler an diesen F\u00e4llen, abseits offizieller Auftr\u00e4ge und auch abseits der herk\u00f6mmlichen Regeln, die Hanne nicht mehr so wichtig sind. Der Roman ist spannend und durch die Besch\u00e4ftigung mit den Ideen rechtsradikaler Gruppen hochpolitisch.<\/p>\n<p>&nbsp;<\/p>\n<p>Haben die beiden \u201eF\u00e4lle\u201c etwas gemeinsam? Mit ihrer aus fr\u00fcheren F\u00e4llen bekannten Intuition findet Hanne die Schnittstelle, an der sich der Knoten l\u00f6st und der verborgene Zusammenhang beider Todesf\u00e4lle sichtbar wird. Und auch Hendrik erweist sich trotz seiner vielen Tics (Tourette?) wieder als sch\u00fcchterner aber sehr begabter Ermittler, der unter Einsatz seines eigenen ein Leben retten wird.<\/p>\n<p>&nbsp;<\/p>\n<p>In beiden F\u00e4llen spielt das Buch Hiob aus dem Alten Testament eine Rolle, dem auch der Titel des tiefgr\u00fcndigen Kriminalromans entnommen ist: \u201eDarum spreche ich mich schuldig und tue Bu\u00dfe in Staub und Asche\u201c, sagt Hiob, nachdem er unvorstellbares Leid durch Gott erfahren musste. Hanne Wilhelmsen sagt dazu nur: \u201eShit happens\u201c, w\u00e4hrend Holme Hiobs Fragen n\u00e4her gehen. Ich glaube, dass hier Anne Holt eine sie wohl schon lange besch\u00e4ftigende Frage eruiert und eine Antwort darauf f\u00fcr unm\u00f6glich erkl\u00e4rt. Man kann Leid und Ungl\u00fcck nicht erkl\u00e4ren und f\u00fcr Gut und\u00a0 B\u00f6se auch nicht immer eine Ursache finden. Man muss sich damit abfinden. Gutem folgen nicht immer Belohnung und B\u00f6ses wird zu oft nicht bestraft.<\/p>\n<p>&nbsp;<\/p>\n<p>F\u00fcr beide Figuren Holts ist es schade, dass sie sie offenbar nun in der literarischen Versenkung verschwinden lassen will.<\/p>\n<p>&nbsp;<\/p>\n<p>&nbsp;<\/p>\n<p>&nbsp;<\/p>\n","protected":false},"excerpt":{"rendered":"<p>&nbsp; &nbsp; &nbsp; Anne Holt, In Staub und Asche, Piper Verlag 2018, ISBN 978-3-492-05697-7 Der neue Roman von Anne Holt \u201eIn Staub und Asche\u201c schlie\u00dft direkt an den 2017 auf Deutsch erschienen Roman \u201eEin kalter Fall\u201c an, mit dem Holt ihre ber\u00fchmte, nach einem Unfall im Rollstuhl sitzende Ermittlerin Hanne Wilhelmsen zur\u00fcck brachte und soll &hellip; <a href=\"https:\/\/blog.liesdoch.de\/?p=6689\" class=\"more-link\"><span class=\"screen-reader-text\">In Staub und Asche<\/span> weiterlesen <span class=\"meta-nav\">&rarr;<\/span><\/a><\/p>\n","protected":false},"author":6,"featured_media":0,"comment_status":"closed","ping_status":"open","sticky":false,"template":"","format":"standard","meta":{"footnotes":""},"categories":[1],"tags":[],"class_list":["post-6689","post","type-post","status-publish","format-standard","hentry","category-allgemein"],"_links":{"self":[{"href":"https:\/\/blog.liesdoch.de\/index.php?rest_route=\/wp\/v2\/posts\/6689","targetHints":{"allow":["GET"]}}],"collection":[{"href":"https:\/\/blog.liesdoch.de\/index.php?rest_route=\/wp\/v2\/posts"}],"about":[{"href":"https:\/\/blog.liesdoch.de\/index.php?rest_route=\/wp\/v2\/types\/post"}],"author":[{"embeddable":true,"href":"https:\/\/blog.liesdoch.de\/index.php?rest_route=\/wp\/v2\/users\/6"}],"replies":[{"embeddable":true,"href":"https:\/\/blog.liesdoch.de\/index.php?rest_route=%2Fwp%2Fv2%2Fcomments&post=6689"}],"version-history":[{"count":1,"href":"https:\/\/blog.liesdoch.de\/index.php?rest_route=\/wp\/v2\/posts\/6689\/revisions"}],"predecessor-version":[{"id":6691,"href":"https:\/\/blog.liesdoch.de\/index.php?rest_route=\/wp\/v2\/posts\/6689\/revisions\/6691"}],"wp:attachment":[{"href":"https:\/\/blog.liesdoch.de\/index.php?rest_route=%2Fwp%2Fv2%2Fmedia&parent=6689"}],"wp:term":[{"taxonomy":"category","embeddable":true,"href":"https:\/\/blog.liesdoch.de\/index.php?rest_route=%2Fwp%2Fv2%2Fcategories&post=6689"},{"taxonomy":"post_tag","embeddable":true,"href":"https:\/\/blog.liesdoch.de\/index.php?rest_route=%2Fwp%2Fv2%2Ftags&post=6689"}],"curies":[{"name":"wp","href":"https:\/\/api.w.org\/{rel}","templated":true}]}}