{"id":6703,"date":"2018-10-31T14:49:46","date_gmt":"2018-10-31T12:49:46","guid":{"rendered":"http:\/\/blog.liesdoch.de\/?p=6703"},"modified":"2018-10-31T14:49:46","modified_gmt":"2018-10-31T12:49:46","slug":"vom-zauber-alter-baeume-2019","status":"publish","type":"post","link":"https:\/\/blog.liesdoch.de\/?p=6703","title":{"rendered":"Vom Zauber alter B\u00e4ume 2019"},"content":{"rendered":"<p>&nbsp;<\/p>\n<p>&nbsp;<\/p>\n<p>&nbsp;<\/p>\n<p>&nbsp;<\/p>\n<p><a href=\"http:\/\/blog.liesdoch.de\/wp-content\/uploads\/2018\/10\/50397487n.jpg\"><img loading=\"lazy\" decoding=\"async\" class=\"alignnone size-full wp-image-6704\" src=\"http:\/\/blog.liesdoch.de\/wp-content\/uploads\/2018\/10\/50397487n.jpg\" alt=\"\" width=\"242\" height=\"201\" \/><\/a><\/p>\n<p>Heinz Wohler, Vom Zauber alter B\u00e4ume 2019, Dumont Kalenderverlag 2018, ISBN 978-3-.8320-3900-4<\/p>\n<p>&nbsp;<\/p>\n<p>Seit \u00fcber einem Jahrzehnt ist der Kalender \u201eVom Zauber alter B\u00e4ume\u201c des Fotografen Heinz Wohner einer der beliebtesten Kalender im umfangreichen Programm des Dumont Kalenderverlags.<\/p>\n<p>&nbsp;<\/p>\n<p>Das h\u00e4ngt sicher damit zusammen, dass alte und gro\u00dfe B\u00e4ume seit jeher Menschen angezogen haben. Sie waren\u00a0 in alter Zeit St\u00e4tte der Zusammenkunft, heilige St\u00e4tten der spirituellen Selbstvergewisserung, Orte, die Generationen und nicht selten viele Jahrhunderte \u00fcberlebt haben und so eine Br\u00fccke sind zwischen Vergangenheit und Zukunft.<\/p>\n<p>&nbsp;<\/p>\n<p>Auch in diesem Kalender f\u00fcr 2019 pr\u00e4sentieren sich zw\u00f6lf verwitterte und steinalte Baumriesen in ihrer ganzen W\u00fcrde und Macht. Heinz Wohner hat die Buchen, Linden, Eichen in Deutschland aufgesp\u00fcrt und in Schwarzwei\u00df fotografiert. Im Atelier werden die gro\u00dfformatigen Fotoabz\u00fcge dann detailgetreu und kunstvoll mit Eiwei\u00dflasur-Farben von Hand koloriert. Das nimmt pro Bild mehrere Wochen Zeit in Anspruch. Das Ergebnis ist eine sehr pers\u00f6nliche feine Interpretation des Gesehenen.<\/p>\n<p>&nbsp;<\/p>\n<p>Eine Wohltat f\u00fcr das Auge sind diese Bilder und laden seinen Betrachter t\u00e4glich ein, dar\u00fcber nachzudenken, wie kurz doch seine Frist ist im Gegensatz zum Alter der B\u00e4ume.<\/p>\n<p>&nbsp;<\/p>\n","protected":false},"excerpt":{"rendered":"<p>&nbsp; &nbsp; &nbsp; &nbsp; Heinz Wohler, Vom Zauber alter B\u00e4ume 2019, Dumont Kalenderverlag 2018, ISBN 978-3-.8320-3900-4 &nbsp; Seit \u00fcber einem Jahrzehnt ist der Kalender \u201eVom Zauber alter B\u00e4ume\u201c des Fotografen Heinz Wohner einer der beliebtesten Kalender im umfangreichen Programm des Dumont Kalenderverlags. &nbsp; Das h\u00e4ngt sicher damit zusammen, dass alte und gro\u00dfe B\u00e4ume seit jeher &hellip; <a href=\"https:\/\/blog.liesdoch.de\/?p=6703\" class=\"more-link\"><span class=\"screen-reader-text\">Vom Zauber alter B\u00e4ume 2019<\/span> weiterlesen <span class=\"meta-nav\">&rarr;<\/span><\/a><\/p>\n","protected":false},"author":6,"featured_media":0,"comment_status":"closed","ping_status":"open","sticky":false,"template":"","format":"standard","meta":{"footnotes":""},"categories":[1],"tags":[],"class_list":["post-6703","post","type-post","status-publish","format-standard","hentry","category-allgemein"],"_links":{"self":[{"href":"https:\/\/blog.liesdoch.de\/index.php?rest_route=\/wp\/v2\/posts\/6703","targetHints":{"allow":["GET"]}}],"collection":[{"href":"https:\/\/blog.liesdoch.de\/index.php?rest_route=\/wp\/v2\/posts"}],"about":[{"href":"https:\/\/blog.liesdoch.de\/index.php?rest_route=\/wp\/v2\/types\/post"}],"author":[{"embeddable":true,"href":"https:\/\/blog.liesdoch.de\/index.php?rest_route=\/wp\/v2\/users\/6"}],"replies":[{"embeddable":true,"href":"https:\/\/blog.liesdoch.de\/index.php?rest_route=%2Fwp%2Fv2%2Fcomments&post=6703"}],"version-history":[{"count":1,"href":"https:\/\/blog.liesdoch.de\/index.php?rest_route=\/wp\/v2\/posts\/6703\/revisions"}],"predecessor-version":[{"id":6705,"href":"https:\/\/blog.liesdoch.de\/index.php?rest_route=\/wp\/v2\/posts\/6703\/revisions\/6705"}],"wp:attachment":[{"href":"https:\/\/blog.liesdoch.de\/index.php?rest_route=%2Fwp%2Fv2%2Fmedia&parent=6703"}],"wp:term":[{"taxonomy":"category","embeddable":true,"href":"https:\/\/blog.liesdoch.de\/index.php?rest_route=%2Fwp%2Fv2%2Fcategories&post=6703"},{"taxonomy":"post_tag","embeddable":true,"href":"https:\/\/blog.liesdoch.de\/index.php?rest_route=%2Fwp%2Fv2%2Ftags&post=6703"}],"curies":[{"name":"wp","href":"https:\/\/api.w.org\/{rel}","templated":true}]}}