{"id":6706,"date":"2018-10-31T14:50:19","date_gmt":"2018-10-31T12:50:19","guid":{"rendered":"http:\/\/blog.liesdoch.de\/?p=6706"},"modified":"2018-10-31T14:50:19","modified_gmt":"2018-10-31T12:50:19","slug":"leuchttuerme-2019","status":"publish","type":"post","link":"https:\/\/blog.liesdoch.de\/?p=6706","title":{"rendered":"Leuchtt\u00fcrme 2019"},"content":{"rendered":"<p>&nbsp;<\/p>\n<p>&nbsp;<\/p>\n<p>&nbsp;<\/p>\n<p>&nbsp;<\/p>\n<p><a href=\"http:\/\/blog.liesdoch.de\/wp-content\/uploads\/2018\/10\/50794771n.jpg\"><img loading=\"lazy\" decoding=\"async\" class=\"alignnone size-full wp-image-6707\" src=\"http:\/\/blog.liesdoch.de\/wp-content\/uploads\/2018\/10\/50794771n.jpg\" alt=\"\" width=\"242\" height=\"203\" \/><\/a><\/p>\n<p>Gabi Reichert, Leuchtt\u00fcrme 2019, Delius Klasing 2018, ISBN 978-3-667-11135-7<\/p>\n<p>&nbsp;<\/p>\n<p>Seit vielen Jahren schon geh\u00f6rt der Leuchturmkalender der Fotografin Gabi Reichert zu den meistverkauften Kalendern des Delius Klasing Verlags. In ihrem hier vorliegenden mittlerweile siebten Kalender ist es ihr wieder gelungen, wunderbare Leuchtt\u00fcrme aus verschiedenen L\u00e4ndern abzubilden.<\/p>\n<p>&nbsp;<\/p>\n<p>Schon in fr\u00fcheren Zeiten dienten Leuchtt\u00fcrme nicht nur der Navigation. Doch besonders heute, wo GPS u.a ihre Funktion mehr und mehr \u00fcbernehmen, \u00fcben sie auf ihre Betrachter eine ganz besondere Anziehung und Faszination aus. Der Zauber dieser hier vorliegenden Fotografien liegt in ihrem besonderen Blick f\u00fcr Licht und Farben, der die einmalige Faszination dieser historischen Bauwerke sichtbar werden l\u00e4sst. Seit Jahrhunderten trotzen die Wachtposten an den K\u00fcsten Sturm und Wellen. Noch heute umsp\u00fclen Mythen und Geschichten ihre Mauern.<\/p>\n<p>Zu jedem Bild gibt es zus\u00e4tzlich zur Bildlegende noch einen QR-Code, \u00fcber den man ausf\u00fchrlichere Informationen und Geschichten zum abgebildeten Leuchtturm bekommt.<\/p>\n<p>&nbsp;<\/p>\n<p>Ein wunderbarer Kalender, der in unserem Haus schon einen Platz reserviert bekommen hat.<\/p>\n<p>&nbsp;<\/p>\n<p>&nbsp;<\/p>\n","protected":false},"excerpt":{"rendered":"<p>&nbsp; &nbsp; &nbsp; &nbsp; Gabi Reichert, Leuchtt\u00fcrme 2019, Delius Klasing 2018, ISBN 978-3-667-11135-7 &nbsp; Seit vielen Jahren schon geh\u00f6rt der Leuchturmkalender der Fotografin Gabi Reichert zu den meistverkauften Kalendern des Delius Klasing Verlags. In ihrem hier vorliegenden mittlerweile siebten Kalender ist es ihr wieder gelungen, wunderbare Leuchtt\u00fcrme aus verschiedenen L\u00e4ndern abzubilden. &nbsp; Schon in fr\u00fcheren &hellip; <a href=\"https:\/\/blog.liesdoch.de\/?p=6706\" class=\"more-link\"><span class=\"screen-reader-text\">Leuchtt\u00fcrme 2019<\/span> weiterlesen <span class=\"meta-nav\">&rarr;<\/span><\/a><\/p>\n","protected":false},"author":6,"featured_media":0,"comment_status":"closed","ping_status":"open","sticky":false,"template":"","format":"standard","meta":{"footnotes":""},"categories":[1],"tags":[],"class_list":["post-6706","post","type-post","status-publish","format-standard","hentry","category-allgemein"],"_links":{"self":[{"href":"https:\/\/blog.liesdoch.de\/index.php?rest_route=\/wp\/v2\/posts\/6706","targetHints":{"allow":["GET"]}}],"collection":[{"href":"https:\/\/blog.liesdoch.de\/index.php?rest_route=\/wp\/v2\/posts"}],"about":[{"href":"https:\/\/blog.liesdoch.de\/index.php?rest_route=\/wp\/v2\/types\/post"}],"author":[{"embeddable":true,"href":"https:\/\/blog.liesdoch.de\/index.php?rest_route=\/wp\/v2\/users\/6"}],"replies":[{"embeddable":true,"href":"https:\/\/blog.liesdoch.de\/index.php?rest_route=%2Fwp%2Fv2%2Fcomments&post=6706"}],"version-history":[{"count":1,"href":"https:\/\/blog.liesdoch.de\/index.php?rest_route=\/wp\/v2\/posts\/6706\/revisions"}],"predecessor-version":[{"id":6708,"href":"https:\/\/blog.liesdoch.de\/index.php?rest_route=\/wp\/v2\/posts\/6706\/revisions\/6708"}],"wp:attachment":[{"href":"https:\/\/blog.liesdoch.de\/index.php?rest_route=%2Fwp%2Fv2%2Fmedia&parent=6706"}],"wp:term":[{"taxonomy":"category","embeddable":true,"href":"https:\/\/blog.liesdoch.de\/index.php?rest_route=%2Fwp%2Fv2%2Fcategories&post=6706"},{"taxonomy":"post_tag","embeddable":true,"href":"https:\/\/blog.liesdoch.de\/index.php?rest_route=%2Fwp%2Fv2%2Ftags&post=6706"}],"curies":[{"name":"wp","href":"https:\/\/api.w.org\/{rel}","templated":true}]}}