{"id":6719,"date":"2018-11-01T14:34:11","date_gmt":"2018-11-01T12:34:11","guid":{"rendered":"http:\/\/blog.liesdoch.de\/?p=6719"},"modified":"2018-11-01T14:34:11","modified_gmt":"2018-11-01T12:34:11","slug":"ich-kann-fliegen","status":"publish","type":"post","link":"https:\/\/blog.liesdoch.de\/?p=6719","title":{"rendered":"Ich kann fliegen"},"content":{"rendered":"<p>&nbsp;<\/p>\n<p><a href=\"http:\/\/blog.liesdoch.de\/wp-content\/uploads\/2018\/11\/52435851n.jpg\"><img loading=\"lazy\" decoding=\"async\" class=\"alignnone size-full wp-image-6720\" src=\"http:\/\/blog.liesdoch.de\/wp-content\/uploads\/2018\/11\/52435851n.jpg\" alt=\"\" width=\"242\" height=\"266\" \/><\/a><\/p>\n<p>Fifi Kuo, Ich kann fliegen, Orell F\u00fcssli 2018, ISBN 978-3-280-03583-2<\/p>\n<p>&nbsp;<\/p>\n<p>&nbsp;<\/p>\n<p>Der kleine Pinguin hat ein gro\u00dfes Problem: er tr\u00e4umt davon, so wie die anderen V\u00f6gel fliegen zu k\u00f6nnen. Immer wieder schaut er ihnen am Himmel bewundernd nach, wenn sie dort ihre Kunstst\u00fccke vorf\u00fchren. Zwar sagt ihm sagt Vater, dass sie Pinguine seien, und Pinguine eben mal nicht fliegen k\u00f6nnen, sondern hervorragend ausgestattet seien zum Schwimmen, doch der kleine Pinguin gibt seinen Traum nicht auf.<\/p>\n<p>&nbsp;<\/p>\n<p>Immer wieder versucht er es, probiert alles M\u00f6gliche: er versucht zu flattern, er nimmt ordentlich Anlauf. Alles umsonst. Auch nachdem ihn sein Vater noch einmal getr\u00f6stet hat, versucht er es wieder und rutscht einen Eisabhang hinab mitten ins Wasser des Eismeers. Sein Vater, der die ganze Zeit ein Auge auf ihn hatte, kommt ihm zu Hilfe, f\u00e4ngt ihn\u00a0 auf und zeigt ihm dann im Wasser, wie sch\u00f6n es sein kann zu schwimmen. Da sp\u00fcrt der Pinguin, dass die F\u00e4higkeit, sich so immer Wasser bewegen zu k\u00f6nnen, ja so etwas ist wie Fliegen. Nicht in der Luft wie eine M\u00f6we, sondern eben wie ein Pinguin im Wasser.<br \/>\nKunstvolle und sch\u00f6ne Illustrationen erz\u00e4hlen eine warmherzige Geschichte auf ihre Weise.<\/p>\n<p>&nbsp;<\/p>\n<p>&nbsp;<\/p>\n<p>&nbsp;<\/p>\n","protected":false},"excerpt":{"rendered":"<p>&nbsp; Fifi Kuo, Ich kann fliegen, Orell F\u00fcssli 2018, ISBN 978-3-280-03583-2 &nbsp; &nbsp; Der kleine Pinguin hat ein gro\u00dfes Problem: er tr\u00e4umt davon, so wie die anderen V\u00f6gel fliegen zu k\u00f6nnen. Immer wieder schaut er ihnen am Himmel bewundernd nach, wenn sie dort ihre Kunstst\u00fccke vorf\u00fchren. Zwar sagt ihm sagt Vater, dass sie Pinguine seien, &hellip; <a href=\"https:\/\/blog.liesdoch.de\/?p=6719\" class=\"more-link\"><span class=\"screen-reader-text\">Ich kann fliegen<\/span> weiterlesen <span class=\"meta-nav\">&rarr;<\/span><\/a><\/p>\n","protected":false},"author":6,"featured_media":0,"comment_status":"closed","ping_status":"open","sticky":false,"template":"","format":"standard","meta":{"footnotes":""},"categories":[1],"tags":[],"class_list":["post-6719","post","type-post","status-publish","format-standard","hentry","category-allgemein"],"_links":{"self":[{"href":"https:\/\/blog.liesdoch.de\/index.php?rest_route=\/wp\/v2\/posts\/6719","targetHints":{"allow":["GET"]}}],"collection":[{"href":"https:\/\/blog.liesdoch.de\/index.php?rest_route=\/wp\/v2\/posts"}],"about":[{"href":"https:\/\/blog.liesdoch.de\/index.php?rest_route=\/wp\/v2\/types\/post"}],"author":[{"embeddable":true,"href":"https:\/\/blog.liesdoch.de\/index.php?rest_route=\/wp\/v2\/users\/6"}],"replies":[{"embeddable":true,"href":"https:\/\/blog.liesdoch.de\/index.php?rest_route=%2Fwp%2Fv2%2Fcomments&post=6719"}],"version-history":[{"count":1,"href":"https:\/\/blog.liesdoch.de\/index.php?rest_route=\/wp\/v2\/posts\/6719\/revisions"}],"predecessor-version":[{"id":6721,"href":"https:\/\/blog.liesdoch.de\/index.php?rest_route=\/wp\/v2\/posts\/6719\/revisions\/6721"}],"wp:attachment":[{"href":"https:\/\/blog.liesdoch.de\/index.php?rest_route=%2Fwp%2Fv2%2Fmedia&parent=6719"}],"wp:term":[{"taxonomy":"category","embeddable":true,"href":"https:\/\/blog.liesdoch.de\/index.php?rest_route=%2Fwp%2Fv2%2Fcategories&post=6719"},{"taxonomy":"post_tag","embeddable":true,"href":"https:\/\/blog.liesdoch.de\/index.php?rest_route=%2Fwp%2Fv2%2Ftags&post=6719"}],"curies":[{"name":"wp","href":"https:\/\/api.w.org\/{rel}","templated":true}]}}