{"id":6722,"date":"2018-11-01T14:34:53","date_gmt":"2018-11-01T12:34:53","guid":{"rendered":"http:\/\/blog.liesdoch.de\/?p=6722"},"modified":"2018-11-01T14:34:53","modified_gmt":"2018-11-01T12:34:53","slug":"seit-wann-ist-die-erde-rund-wien-sich-die-voelker-unseren-planeten-vorstellten","status":"publish","type":"post","link":"https:\/\/blog.liesdoch.de\/?p=6722","title":{"rendered":"Seit wann ist die Erde rund. Wien sich die V\u00f6lker unseren Planeten vorstellten"},"content":{"rendered":"<p>&nbsp;<\/p>\n<p>&nbsp;<\/p>\n<p><a href=\"http:\/\/blog.liesdoch.de\/wp-content\/uploads\/2018\/11\/26366315n.jpg\"><img loading=\"lazy\" decoding=\"async\" class=\"alignnone size-full wp-image-6723\" src=\"http:\/\/blog.liesdoch.de\/wp-content\/uploads\/2018\/11\/26366315n.jpg\" alt=\"\" width=\"242\" height=\"245\" \/><\/a><\/p>\n<p>Guillaume Duprat, Seit wann ist die Erde rund. Wien sich die V\u00f6lker unseren Planeten vorstellten, Knesebeck 2018, ISBN 978-3-86873-135-4<\/p>\n<p>&nbsp;<\/p>\n<p>Das vorliegende Sachbuch, an dem der Autor nach eigenen Angaben \u00fcber acht Jahre lang gearbeitet hat, ist nicht nur f\u00fcr Kinder ab 9 Jahren, wie vom Verlag empfohlen, geeignet, sondern auch f\u00fcr alle Erwachsenen, die sich f\u00fcr die Entstehung von Weltbildern quer durch die Zeit interessieren, und den Zusammenhang dieser Weltbilder mit der jeweiligen Kultur, die sie gepr\u00e4gt haben. So ist etwa das Weltbild der Bibel, das \u00fcber eine lange, lange Zeit dominierend war, von dem babylonischen Sch\u00f6pfungsmythos gepr\u00e4gt, den die j\u00fcdischen Theologen nach der Vertreibung ins babylonische Exil dort kennen gelernt und f\u00fcr die Erkl\u00e4rung ihrer eigenen Geschichte adaptiert und ver\u00e4ndert hatten. Jeder Theologe lernt das in seinem alttestamentlichem Studium; von den in diesem Buch beschriebenen und erkl\u00e4rten vielen anderen Vorstellungen von der Welt und ihrer Entstehung aus den verschiedenen anderen Kulturen der Welt habe ich jedenfalls bei diesem Studium nichts erfahren. Ein Buch wie das vorliegende h\u00e4tte mir helfen k\u00f6nnen, quasi komparatistisch die eigene Tradition einzuordnen.<\/p>\n<p>Das Buch des Franzosen Guillaume Duprat nimmt seine Leser auf eine spannende und sehr lehrreiche Zeitreise mit, bei der sie erfahren, welche Vorstellungen die vielen V\u00f6lker dieser Erde und ihre Kulturen von der Form und vom Aussehen unserer Erde hatten und zum Teil heute noch haben. Mit vielen Klapptafeln und sch\u00f6nen Illustrationen ist das Buch ausgestattet, und eine Datumsleiste von der Fr\u00fchzeit bis heute gibt eine wichtige Orientierungshilfe bei der historischen Einordnung.<\/p>\n<p>Ein sehr empfehlenswertes Buch, das nicht umsonst nach seinem ersten Erscheinen 2009 den Kinder- und Jugendbuchpreis LUCHS der ZEIT erhalten hat.<\/p>\n","protected":false},"excerpt":{"rendered":"<p>&nbsp; &nbsp; Guillaume Duprat, Seit wann ist die Erde rund. Wien sich die V\u00f6lker unseren Planeten vorstellten, Knesebeck 2018, ISBN 978-3-86873-135-4 &nbsp; Das vorliegende Sachbuch, an dem der Autor nach eigenen Angaben \u00fcber acht Jahre lang gearbeitet hat, ist nicht nur f\u00fcr Kinder ab 9 Jahren, wie vom Verlag empfohlen, geeignet, sondern auch f\u00fcr alle &hellip; <a href=\"https:\/\/blog.liesdoch.de\/?p=6722\" class=\"more-link\"><span class=\"screen-reader-text\">Seit wann ist die Erde rund. Wien sich die V\u00f6lker unseren Planeten vorstellten<\/span> weiterlesen <span class=\"meta-nav\">&rarr;<\/span><\/a><\/p>\n","protected":false},"author":6,"featured_media":0,"comment_status":"closed","ping_status":"open","sticky":false,"template":"","format":"standard","meta":{"footnotes":""},"categories":[1],"tags":[],"class_list":["post-6722","post","type-post","status-publish","format-standard","hentry","category-allgemein"],"_links":{"self":[{"href":"https:\/\/blog.liesdoch.de\/index.php?rest_route=\/wp\/v2\/posts\/6722","targetHints":{"allow":["GET"]}}],"collection":[{"href":"https:\/\/blog.liesdoch.de\/index.php?rest_route=\/wp\/v2\/posts"}],"about":[{"href":"https:\/\/blog.liesdoch.de\/index.php?rest_route=\/wp\/v2\/types\/post"}],"author":[{"embeddable":true,"href":"https:\/\/blog.liesdoch.de\/index.php?rest_route=\/wp\/v2\/users\/6"}],"replies":[{"embeddable":true,"href":"https:\/\/blog.liesdoch.de\/index.php?rest_route=%2Fwp%2Fv2%2Fcomments&post=6722"}],"version-history":[{"count":1,"href":"https:\/\/blog.liesdoch.de\/index.php?rest_route=\/wp\/v2\/posts\/6722\/revisions"}],"predecessor-version":[{"id":6724,"href":"https:\/\/blog.liesdoch.de\/index.php?rest_route=\/wp\/v2\/posts\/6722\/revisions\/6724"}],"wp:attachment":[{"href":"https:\/\/blog.liesdoch.de\/index.php?rest_route=%2Fwp%2Fv2%2Fmedia&parent=6722"}],"wp:term":[{"taxonomy":"category","embeddable":true,"href":"https:\/\/blog.liesdoch.de\/index.php?rest_route=%2Fwp%2Fv2%2Fcategories&post=6722"},{"taxonomy":"post_tag","embeddable":true,"href":"https:\/\/blog.liesdoch.de\/index.php?rest_route=%2Fwp%2Fv2%2Ftags&post=6722"}],"curies":[{"name":"wp","href":"https:\/\/api.w.org\/{rel}","templated":true}]}}