{"id":674,"date":"2015-10-16T11:16:51","date_gmt":"2015-10-16T09:16:51","guid":{"rendered":"http:\/\/blog.liesdoch.de\/?p=674"},"modified":"2015-10-16T11:16:51","modified_gmt":"2015-10-16T09:16:51","slug":"die-weltentraeumerin","status":"publish","type":"post","link":"https:\/\/blog.liesdoch.de\/?p=674","title":{"rendered":"Die Weltentr\u00e4umerin"},"content":{"rendered":"<p>&nbsp;<\/p>\n<p>&nbsp;<\/p>\n<p><a href=\"http:\/\/blog.liesdoch.de\/wp-content\/uploads\/2015\/10\/42665097z.jpg\"><img loading=\"lazy\" decoding=\"async\" class=\"alignnone size-medium wp-image-675\" src=\"http:\/\/blog.liesdoch.de\/wp-content\/uploads\/2015\/10\/42665097z-300x279.jpg\" alt=\"42665097z\" width=\"300\" height=\"279\" srcset=\"https:\/\/blog.liesdoch.de\/wp-content\/uploads\/2015\/10\/42665097z-300x279.jpg 300w, https:\/\/blog.liesdoch.de\/wp-content\/uploads\/2015\/10\/42665097z.jpg 340w\" sizes=\"auto, (max-width: 300px) 100vw, 300px\" \/><\/a><\/p>\n<p>&nbsp;<\/p>\n<p>Dirk Steinh\u00f6fel, Die Weltentr\u00e4umerin, Oetinger 2015, ISBN 978-3-7891-7179-6<\/p>\n<p>&nbsp;<\/p>\n<p>Mit den Landschaftsaufnahmen des Fotografen Andreas Pflitsch hat Dirk Steinh\u00f6fel ein wunderbares Buch gemacht, das v\u00f6llig ohne Worte auskommt und vielleicht gerade deswegen eine ganz besondere Aussagekraft hat.<\/p>\n<p>Da ist ein M\u00e4dchen. Sie ist vielleicht zehn Jahre alt. Sie sitzt in einem Zimmer vor einer B\u00fccherwand und dann mit einem aufgeschlagenen Buch an einem Tisch. Warum sie sitzt, wird am Ende des Buches erkl\u00e4rt, ist aber f\u00fcr die Aussage des Buches nicht unbedingt wesentlich.<\/p>\n<p>Ergriffen von dem, was sie in dem Buch gelesen hat, schaut das M\u00e4dchen sehnsuchtsvoll zum Fenster, und dann beginnt eine Reise durch Landschaften von unber\u00fchrter Sch\u00f6nheit und geheimnisvoller Magie. Sie bewegt sich durch die Elemente und gelangt an die unglaublichsten Orte \u2013 ganz allein durch die Macht ihrer Phantasie.<\/p>\n<p>Es sind die B\u00fccher, die das M\u00e4dchen immer wieder in fremde Welten f\u00fchren und sie dort verweilen lassen. Und so kann sie vielleicht ertragen, dass das Schicksal beschlossen hat, dass sie nie wirklich diese Welten jemals sehen wird.<\/p>\n<p>\u201eDie Weltentr\u00e4umerin\u201c ist ein wunderbares Buch \u00fcber die Macht der B\u00fccher. Und eine Hymne an die magische Kraft der Phantasie.<\/p>\n<p>&nbsp;<\/p>\n","protected":false},"excerpt":{"rendered":"<p>&nbsp; &nbsp; &nbsp; Dirk Steinh\u00f6fel, Die Weltentr\u00e4umerin, Oetinger 2015, ISBN 978-3-7891-7179-6 &nbsp; Mit den Landschaftsaufnahmen des Fotografen Andreas Pflitsch hat Dirk Steinh\u00f6fel ein wunderbares Buch gemacht, das v\u00f6llig ohne Worte auskommt und vielleicht gerade deswegen eine ganz besondere Aussagekraft hat. Da ist ein M\u00e4dchen. Sie ist vielleicht zehn Jahre alt. Sie sitzt in einem Zimmer &hellip; <a href=\"https:\/\/blog.liesdoch.de\/?p=674\" class=\"more-link\"><span class=\"screen-reader-text\">Die Weltentr\u00e4umerin<\/span> weiterlesen <span class=\"meta-nav\">&rarr;<\/span><\/a><\/p>\n","protected":false},"author":6,"featured_media":0,"comment_status":"open","ping_status":"open","sticky":false,"template":"","format":"standard","meta":{"footnotes":""},"categories":[1],"tags":[239,238,240],"class_list":["post-674","post","type-post","status-publish","format-standard","hentry","category-allgemein","tag-buecher","tag-kinderbuch","tag-phnatasie"],"_links":{"self":[{"href":"https:\/\/blog.liesdoch.de\/index.php?rest_route=\/wp\/v2\/posts\/674","targetHints":{"allow":["GET"]}}],"collection":[{"href":"https:\/\/blog.liesdoch.de\/index.php?rest_route=\/wp\/v2\/posts"}],"about":[{"href":"https:\/\/blog.liesdoch.de\/index.php?rest_route=\/wp\/v2\/types\/post"}],"author":[{"embeddable":true,"href":"https:\/\/blog.liesdoch.de\/index.php?rest_route=\/wp\/v2\/users\/6"}],"replies":[{"embeddable":true,"href":"https:\/\/blog.liesdoch.de\/index.php?rest_route=%2Fwp%2Fv2%2Fcomments&post=674"}],"version-history":[{"count":1,"href":"https:\/\/blog.liesdoch.de\/index.php?rest_route=\/wp\/v2\/posts\/674\/revisions"}],"predecessor-version":[{"id":676,"href":"https:\/\/blog.liesdoch.de\/index.php?rest_route=\/wp\/v2\/posts\/674\/revisions\/676"}],"wp:attachment":[{"href":"https:\/\/blog.liesdoch.de\/index.php?rest_route=%2Fwp%2Fv2%2Fmedia&parent=674"}],"wp:term":[{"taxonomy":"category","embeddable":true,"href":"https:\/\/blog.liesdoch.de\/index.php?rest_route=%2Fwp%2Fv2%2Fcategories&post=674"},{"taxonomy":"post_tag","embeddable":true,"href":"https:\/\/blog.liesdoch.de\/index.php?rest_route=%2Fwp%2Fv2%2Ftags&post=674"}],"curies":[{"name":"wp","href":"https:\/\/api.w.org\/{rel}","templated":true}]}}