{"id":678,"date":"2015-10-19T11:06:11","date_gmt":"2015-10-19T09:06:11","guid":{"rendered":"http:\/\/blog.liesdoch.de\/?p=678"},"modified":"2015-10-19T11:06:11","modified_gmt":"2015-10-19T09:06:11","slug":"unser-urwald","status":"publish","type":"post","link":"https:\/\/blog.liesdoch.de\/?p=678","title":{"rendered":"Unser Urwald"},"content":{"rendered":"<p>&nbsp;<\/p>\n<p><a href=\"http:\/\/blog.liesdoch.de\/wp-content\/uploads\/2015\/10\/42761761z.jpg\"><img loading=\"lazy\" decoding=\"async\" class=\"alignnone size-medium wp-image-679\" src=\"http:\/\/blog.liesdoch.de\/wp-content\/uploads\/2015\/10\/42761761z-237x300.jpg\" alt=\"42761761z\" width=\"237\" height=\"300\" srcset=\"https:\/\/blog.liesdoch.de\/wp-content\/uploads\/2015\/10\/42761761z-237x300.jpg 237w, https:\/\/blog.liesdoch.de\/wp-content\/uploads\/2015\/10\/42761761z.jpg 376w\" sizes=\"auto, (max-width: 237px) 100vw, 237px\" \/><\/a><\/p>\n<p>&nbsp;<\/p>\n<p>Matthias Schickhofer, Unser Urwald, Brandst\u00e4tter Verlag 2015, ISBN 978-3-85033-924-7<\/p>\n<p>&nbsp;<\/p>\n<p>Matthias Schickhofer, ein engagierter Naturschutz-Aktivist und Fotograf hat schon im Jahre 2013 ein Buch mit dem Titel \u201eUrwald. \u00d6sterreichs letzte Naturparadiese\u201c ver\u00f6ffentlicht, von dem einzelne Teile und Fotografien auch in dem neuen vorliegenden Buch wieder abgedruckt sind.<\/p>\n<p>Er hat aber in den letzten Jahren seinen Radius erweitert, und sich in ganz Europa auf die Suche nach echten Urw\u00e4ldern gemacht. Urw\u00e4lder sind Waldgebiete, in denen, aus welchem Grund auch immer, noch nie ein Baum gef\u00e4llt oder eine Schneise geschlagen wurde. Menschen haben in keiner Form in das Leben dieser W\u00e4lder eingegriffen.<\/p>\n<p>Oft sind diese W\u00e4lder, die er besucht und mit bezaubernden und faszinierenden Bilder festgehalten hat, gar nicht so weit von den gro\u00dfen St\u00e4dten in Europa entfernt. Dennoch sind es eher der Balkan und Rum\u00e4nien, wo man in unber\u00fchrten Fl\u00e4chen die gr\u00f6\u00dften Urw\u00e4lder au\u00dferhalb Russlands findet.<\/p>\n<p>F\u00fcr Schickhofer sind diese W\u00e4lder nicht nur als Fotograf interessant. Er nennt sie in seinem Buch einen \u201e\u00f6kologischen und genetischen Schatz\u201c.<\/p>\n<p>In einem Interview in der \u00f6sterreichischen Zeitung \u201eDie Presse\u201c vom 28.9.2015 sagt er, die letzten Urw\u00e4lder seien \u201edie Botschafter einer alten Welt, in der die Evolution noch ungest\u00f6rt walten kann. Sie haben \u00fcber Jahrtausende stabile Systeme geschaffen. Wir sollten auf diese \u201aTore von Mittelerde\u2018 gut aufpassen.\u201c<\/p>\n<p>Das Buch ist voller wunderbarer Fotografien und lehrreichen Beschreibungen der geheimnisvollen Biologie des Waldes. Ich kann es Naturfreunden und Waldliebhabern nur empfehlen.<\/p>\n","protected":false},"excerpt":{"rendered":"<p>&nbsp; &nbsp; Matthias Schickhofer, Unser Urwald, Brandst\u00e4tter Verlag 2015, ISBN 978-3-85033-924-7 &nbsp; Matthias Schickhofer, ein engagierter Naturschutz-Aktivist und Fotograf hat schon im Jahre 2013 ein Buch mit dem Titel \u201eUrwald. \u00d6sterreichs letzte Naturparadiese\u201c ver\u00f6ffentlicht, von dem einzelne Teile und Fotografien auch in dem neuen vorliegenden Buch wieder abgedruckt sind. Er hat aber in den letzten &hellip; <a href=\"https:\/\/blog.liesdoch.de\/?p=678\" class=\"more-link\"><span class=\"screen-reader-text\">Unser Urwald<\/span> weiterlesen <span class=\"meta-nav\">&rarr;<\/span><\/a><\/p>\n","protected":false},"author":6,"featured_media":0,"comment_status":"open","ping_status":"open","sticky":false,"template":"","format":"standard","meta":{"footnotes":""},"categories":[1],"tags":[243,28,241,242],"class_list":["post-678","post","type-post","status-publish","format-standard","hentry","category-allgemein","tag-genetischer-pool","tag-natur","tag-urwald","tag-wald"],"_links":{"self":[{"href":"https:\/\/blog.liesdoch.de\/index.php?rest_route=\/wp\/v2\/posts\/678","targetHints":{"allow":["GET"]}}],"collection":[{"href":"https:\/\/blog.liesdoch.de\/index.php?rest_route=\/wp\/v2\/posts"}],"about":[{"href":"https:\/\/blog.liesdoch.de\/index.php?rest_route=\/wp\/v2\/types\/post"}],"author":[{"embeddable":true,"href":"https:\/\/blog.liesdoch.de\/index.php?rest_route=\/wp\/v2\/users\/6"}],"replies":[{"embeddable":true,"href":"https:\/\/blog.liesdoch.de\/index.php?rest_route=%2Fwp%2Fv2%2Fcomments&post=678"}],"version-history":[{"count":1,"href":"https:\/\/blog.liesdoch.de\/index.php?rest_route=\/wp\/v2\/posts\/678\/revisions"}],"predecessor-version":[{"id":680,"href":"https:\/\/blog.liesdoch.de\/index.php?rest_route=\/wp\/v2\/posts\/678\/revisions\/680"}],"wp:attachment":[{"href":"https:\/\/blog.liesdoch.de\/index.php?rest_route=%2Fwp%2Fv2%2Fmedia&parent=678"}],"wp:term":[{"taxonomy":"category","embeddable":true,"href":"https:\/\/blog.liesdoch.de\/index.php?rest_route=%2Fwp%2Fv2%2Fcategories&post=678"},{"taxonomy":"post_tag","embeddable":true,"href":"https:\/\/blog.liesdoch.de\/index.php?rest_route=%2Fwp%2Fv2%2Ftags&post=678"}],"curies":[{"name":"wp","href":"https:\/\/api.w.org\/{rel}","templated":true}]}}