{"id":6797,"date":"2018-11-14T10:05:48","date_gmt":"2018-11-14T08:05:48","guid":{"rendered":"http:\/\/blog.liesdoch.de\/?p=6797"},"modified":"2018-11-14T10:05:48","modified_gmt":"2018-11-14T08:05:48","slug":"von-hass-erfuellt-warum-menschen-zu-terroristen-und-amoklaeufern-werden","status":"publish","type":"post","link":"https:\/\/blog.liesdoch.de\/?p=6797","title":{"rendered":"Von Hass erf\u00fcllt. Warum Menschen zu Terroristen und Amokl\u00e4ufern werden"},"content":{"rendered":"<p>&nbsp;<\/p>\n<p>&nbsp;<\/p>\n<p>&nbsp;<\/p>\n<p>&nbsp;<\/p>\n<p><a href=\"http:\/\/blog.liesdoch.de\/wp-content\/uploads\/2018\/11\/45331244n.jpg\"><img loading=\"lazy\" decoding=\"async\" class=\"alignnone size-medium wp-image-6798\" src=\"http:\/\/blog.liesdoch.de\/wp-content\/uploads\/2018\/11\/45331244n-198x300.jpg\" alt=\"\" width=\"198\" height=\"300\" srcset=\"https:\/\/blog.liesdoch.de\/wp-content\/uploads\/2018\/11\/45331244n-198x300.jpg 198w, https:\/\/blog.liesdoch.de\/wp-content\/uploads\/2018\/11\/45331244n.jpg 242w\" sizes=\"auto, (max-width: 198px) 100vw, 198px\" \/><\/a><\/p>\n<p>Nils B\u00f6ckler, Jens Hoffmann, Von Hass erf\u00fcllt. Warum Menschen zu Terroristen und Amokl\u00e4ufern werden, mvgverlag 2018, ISBN 978-3-86882-691-3<\/p>\n<p>&nbsp;<\/p>\n<p>Nach jedem neuen Anschlag in Europa (die unz\u00e4hligen Selbstmordattentate im Irak etc. bekommen wir ja schon gar nicht mehr mit) fragt sich die \u00d6ffentlichkeit, was in einem Menschen vorgehen muss, dass er sich selbst im Namen einer Religion (meist der Islam) oder Ideologie opfert und oft Dutzende von Menschen mit in den Tod rei\u00dft.<\/p>\n<p>&nbsp;<\/p>\n<p>Wie wird ein Mensch zum Terroristen? Ist das die in den letzten zehn Jahren zunehmende schnelle Radikalisierung durch das Internet, sind es Elemente einer unvers\u00f6hnlichen Religion, die alle Nichtgl\u00e4ubigen als Todfeinde erachtet, ist es, wie im Falle von Anders Breivik, der in dem vorliegenden Buch auch diskutiert wird, eine rechtsextreme Ideologie, die in allem Fremden eine Bedrohung des eigenen, nat\u00fcrlich als rein und edel imaginierten Volkes sieht?<\/p>\n<p>&nbsp;<\/p>\n<p>Die beiden Autoren des vorliegenden Buches gehen nicht nur dem Attentat von Anders Breivik nach, sondern erkl\u00e4ren auch die Gedankenwelt von jugendlichen Syrien-Reisenden. Sie behandeln die Aktionen des NSU ebenso wie die psychologischen Hintergr\u00fcnde der Anschl\u00e4ge von Br\u00fcssel und Paris.<\/p>\n<p>&nbsp;<\/p>\n<p>Interessant ist, dass sie auch zeigen, dass das Ph\u00e4nomen terroristischer Einzelt\u00e4ter nicht unbedingt ein neuzeitliches ist. Schon seit vielen Jahrzehnten stellen diese Attentate eine erhebliche Bedrohung demokratischer Gesellschaften dar.<\/p>\n<p>&nbsp;<\/p>\n<p>Mein Fazit nach einer ziemlich ern\u00fcchternden Lekt\u00fcre: wir m\u00fcssen lernen mit solchen Attentaten zu leben und unsere \u00c4ngste davor nicht die Oberhand gewinnen lassen. Das betrifft auch den Umgang der Politik damit. Wir m\u00fcssen aufpassen, dass die Reaktionen auf solche Anschl\u00e4ge nicht genau das bef\u00f6rdern, was die Terroristen wollen.<\/p>\n<p>&nbsp;<\/p>\n<p>&nbsp;<\/p>\n","protected":false},"excerpt":{"rendered":"<p>&nbsp; &nbsp; &nbsp; &nbsp; Nils B\u00f6ckler, Jens Hoffmann, Von Hass erf\u00fcllt. Warum Menschen zu Terroristen und Amokl\u00e4ufern werden, mvgverlag 2018, ISBN 978-3-86882-691-3 &nbsp; Nach jedem neuen Anschlag in Europa (die unz\u00e4hligen Selbstmordattentate im Irak etc. bekommen wir ja schon gar nicht mehr mit) fragt sich die \u00d6ffentlichkeit, was in einem Menschen vorgehen muss, dass er &hellip; <a href=\"https:\/\/blog.liesdoch.de\/?p=6797\" class=\"more-link\"><span class=\"screen-reader-text\">Von Hass erf\u00fcllt. Warum Menschen zu Terroristen und Amokl\u00e4ufern werden<\/span> weiterlesen <span class=\"meta-nav\">&rarr;<\/span><\/a><\/p>\n","protected":false},"author":6,"featured_media":0,"comment_status":"closed","ping_status":"open","sticky":false,"template":"","format":"standard","meta":{"footnotes":""},"categories":[1],"tags":[],"class_list":["post-6797","post","type-post","status-publish","format-standard","hentry","category-allgemein"],"_links":{"self":[{"href":"https:\/\/blog.liesdoch.de\/index.php?rest_route=\/wp\/v2\/posts\/6797","targetHints":{"allow":["GET"]}}],"collection":[{"href":"https:\/\/blog.liesdoch.de\/index.php?rest_route=\/wp\/v2\/posts"}],"about":[{"href":"https:\/\/blog.liesdoch.de\/index.php?rest_route=\/wp\/v2\/types\/post"}],"author":[{"embeddable":true,"href":"https:\/\/blog.liesdoch.de\/index.php?rest_route=\/wp\/v2\/users\/6"}],"replies":[{"embeddable":true,"href":"https:\/\/blog.liesdoch.de\/index.php?rest_route=%2Fwp%2Fv2%2Fcomments&post=6797"}],"version-history":[{"count":1,"href":"https:\/\/blog.liesdoch.de\/index.php?rest_route=\/wp\/v2\/posts\/6797\/revisions"}],"predecessor-version":[{"id":6799,"href":"https:\/\/blog.liesdoch.de\/index.php?rest_route=\/wp\/v2\/posts\/6797\/revisions\/6799"}],"wp:attachment":[{"href":"https:\/\/blog.liesdoch.de\/index.php?rest_route=%2Fwp%2Fv2%2Fmedia&parent=6797"}],"wp:term":[{"taxonomy":"category","embeddable":true,"href":"https:\/\/blog.liesdoch.de\/index.php?rest_route=%2Fwp%2Fv2%2Fcategories&post=6797"},{"taxonomy":"post_tag","embeddable":true,"href":"https:\/\/blog.liesdoch.de\/index.php?rest_route=%2Fwp%2Fv2%2Ftags&post=6797"}],"curies":[{"name":"wp","href":"https:\/\/api.w.org\/{rel}","templated":true}]}}