{"id":6805,"date":"2018-11-20T08:53:32","date_gmt":"2018-11-20T06:53:32","guid":{"rendered":"http:\/\/blog.liesdoch.de\/?p=6805"},"modified":"2018-11-20T08:53:32","modified_gmt":"2018-11-20T06:53:32","slug":"wo-leben-die-tiere-unserer-welt","status":"publish","type":"post","link":"https:\/\/blog.liesdoch.de\/?p=6805","title":{"rendered":"Wo leben die Tiere unserer Welt"},"content":{"rendered":"<p>&nbsp;<\/p>\n<p>&nbsp;<\/p>\n<p><a href=\"http:\/\/blog.liesdoch.de\/wp-content\/uploads\/2018\/11\/52481074n.jpg\"><img loading=\"lazy\" decoding=\"async\" class=\"alignnone size-medium wp-image-6806\" src=\"http:\/\/blog.liesdoch.de\/wp-content\/uploads\/2018\/11\/52481074n-231x300.jpg\" alt=\"\" width=\"231\" height=\"300\" srcset=\"https:\/\/blog.liesdoch.de\/wp-content\/uploads\/2018\/11\/52481074n-231x300.jpg 231w, https:\/\/blog.liesdoch.de\/wp-content\/uploads\/2018\/11\/52481074n.jpg 242w\" sizes=\"auto, (max-width: 231px) 100vw, 231px\" \/><\/a><\/p>\n<p>Thomas M\u00fcller, Wo leben die Tiere unserer Welt, Gerstenberg 2018, ISBN 978-3-8369-5986-5<\/p>\n<p>&nbsp;<\/p>\n<p>Durch seine bisherigen \u00a0B\u00fccher, in denen er mit gro\u00dfer Sachkenntnis und wunderbaren Zeichnungen unter anderen die Eule, die Schwalben, Spatzen und St\u00f6rche durch das Jahr begleitete und ihren jeweiligen Lebensrhythmus und ihre Ern\u00e4hrungs- und Fortpflanzungsgewohnheiten beschrieb, ist Thomas M\u00fcller zu einem der besten Sachbuchautoren f\u00fcr Kinder geworden.<\/p>\n<p>&nbsp;<\/p>\n<p>Nun zeigt er in einem gro\u00dfformatigen Sachbilderbuch im Gerstenberg Verlag de gro\u00dfe Bandbreite der Tierwelt auf unserem Planeten. E hat sein Buch in zehn\u00a0 Lebensr\u00e4ume aufgeteilt, denen er jeweils zwei Doppelseiten widmet (Wald, Antarktis, Bauernhof, Korallenriff, Feld und Wiese, der tropische Regenwald, die Stadt, die Meeresk\u00fcste, der Teich und die afrikanische Savanne).<\/p>\n<p>Jedem Lebensraum ist eine liebevoll und detailgetreu illustrierte Panoramaseite gewidmet, auf der es f\u00fcr die das Buch betrachtenden Kinder viel zu entdecken gibt. Danach wird auf einer folgenden \u00dcbersichtsseite jedes auf der Panoramaseite abgebildete Tier no9ch einmal gezeigt und kurz beschrieben.<\/p>\n<p>Wer ein bestimmtes Tier sucht, kann dieses in einem Register mit farbig gestalteten Tier-Icons finden. Die Farben helfen dabei den Kindern beim Suchen: Wo leben die Tiere unserer Welt?<\/p>\n<p>&nbsp;<\/p>\n<p>Durch die wunderbaren Zeichnungen lernen die Kinder eine Menge Tiere kennen und unterscheiden.<\/p>\n<p>Ein beispielhaftes und sch\u00f6nes Sachbilderbuch f\u00fcr Kinder ab etwa 5 Jahren zum Vorlesen und Anschauen geeignet.<\/p>\n<p>&nbsp;<\/p>\n<p>&nbsp;<\/p>\n<p>&nbsp;<\/p>\n<p>&nbsp;<\/p>\n<p>&nbsp;<\/p>\n","protected":false},"excerpt":{"rendered":"<p>&nbsp; &nbsp; Thomas M\u00fcller, Wo leben die Tiere unserer Welt, Gerstenberg 2018, ISBN 978-3-8369-5986-5 &nbsp; Durch seine bisherigen \u00a0B\u00fccher, in denen er mit gro\u00dfer Sachkenntnis und wunderbaren Zeichnungen unter anderen die Eule, die Schwalben, Spatzen und St\u00f6rche durch das Jahr begleitete und ihren jeweiligen Lebensrhythmus und ihre Ern\u00e4hrungs- und Fortpflanzungsgewohnheiten beschrieb, ist Thomas M\u00fcller zu &hellip; <a href=\"https:\/\/blog.liesdoch.de\/?p=6805\" class=\"more-link\"><span class=\"screen-reader-text\">Wo leben die Tiere unserer Welt<\/span> weiterlesen <span class=\"meta-nav\">&rarr;<\/span><\/a><\/p>\n","protected":false},"author":6,"featured_media":0,"comment_status":"closed","ping_status":"open","sticky":false,"template":"","format":"standard","meta":{"footnotes":""},"categories":[1],"tags":[],"class_list":["post-6805","post","type-post","status-publish","format-standard","hentry","category-allgemein"],"_links":{"self":[{"href":"https:\/\/blog.liesdoch.de\/index.php?rest_route=\/wp\/v2\/posts\/6805","targetHints":{"allow":["GET"]}}],"collection":[{"href":"https:\/\/blog.liesdoch.de\/index.php?rest_route=\/wp\/v2\/posts"}],"about":[{"href":"https:\/\/blog.liesdoch.de\/index.php?rest_route=\/wp\/v2\/types\/post"}],"author":[{"embeddable":true,"href":"https:\/\/blog.liesdoch.de\/index.php?rest_route=\/wp\/v2\/users\/6"}],"replies":[{"embeddable":true,"href":"https:\/\/blog.liesdoch.de\/index.php?rest_route=%2Fwp%2Fv2%2Fcomments&post=6805"}],"version-history":[{"count":1,"href":"https:\/\/blog.liesdoch.de\/index.php?rest_route=\/wp\/v2\/posts\/6805\/revisions"}],"predecessor-version":[{"id":6807,"href":"https:\/\/blog.liesdoch.de\/index.php?rest_route=\/wp\/v2\/posts\/6805\/revisions\/6807"}],"wp:attachment":[{"href":"https:\/\/blog.liesdoch.de\/index.php?rest_route=%2Fwp%2Fv2%2Fmedia&parent=6805"}],"wp:term":[{"taxonomy":"category","embeddable":true,"href":"https:\/\/blog.liesdoch.de\/index.php?rest_route=%2Fwp%2Fv2%2Fcategories&post=6805"},{"taxonomy":"post_tag","embeddable":true,"href":"https:\/\/blog.liesdoch.de\/index.php?rest_route=%2Fwp%2Fv2%2Ftags&post=6805"}],"curies":[{"name":"wp","href":"https:\/\/api.w.org\/{rel}","templated":true}]}}