{"id":6828,"date":"2018-11-21T09:01:28","date_gmt":"2018-11-21T07:01:28","guid":{"rendered":"http:\/\/blog.liesdoch.de\/?p=6828"},"modified":"2018-11-21T09:01:28","modified_gmt":"2018-11-21T07:01:28","slug":"der-vergessene-weltkrieg-europas-osten-1912-1923","status":"publish","type":"post","link":"https:\/\/blog.liesdoch.de\/?p=6828","title":{"rendered":"Der vergessene Weltkrieg. Europas Osten 1912-1923"},"content":{"rendered":"<p>&nbsp;<\/p>\n<p>&nbsp;<\/p>\n<p>&nbsp;<\/p>\n<p><a href=\"http:\/\/blog.liesdoch.de\/wp-content\/uploads\/2018\/11\/52419459n.jpg\"><img loading=\"lazy\" decoding=\"async\" class=\"alignnone size-medium wp-image-6829\" src=\"http:\/\/blog.liesdoch.de\/wp-content\/uploads\/2018\/11\/52419459n-205x300.jpg\" alt=\"\" width=\"205\" height=\"300\" srcset=\"https:\/\/blog.liesdoch.de\/wp-content\/uploads\/2018\/11\/52419459n-205x300.jpg 205w, https:\/\/blog.liesdoch.de\/wp-content\/uploads\/2018\/11\/52419459n.jpg 242w\" sizes=\"auto, (max-width: 205px) 100vw, 205px\" \/><\/a><\/p>\n<p>Wlodzimierz Borodziej, Maciej Gorny, Der vergessene Weltkrieg. Europas Osten 1912-1923, wbgTheiss 2018, ISBN 978-3-8062-3820-4<\/p>\n<p>&nbsp;<\/p>\n<p>In diesem Tagen ist in vielen Veranstaltungen auf hoher Ebene in Europa an die 100. Wiederkehr des Endes des Ersten Weltkrieges erinnert worden.\u00a0 So wie schon damals Helmut Kohl und Francois Mitterand sich auf den ehemaligen Schlachtfeldern um Verdun die Hand zur Vers\u00f6hnung\u00a0 reichten, fanden die Erinnerungsfeiern auch 2018 in Frankreich statt. Denn der Erste Weltkrieg wird schon immer mit den Schlachtfeldern in Frankreich assoziiert, wo unz\u00e4hlige Menschen einen sinnlosen Tod fanden<\/p>\n<p>&nbsp;<\/p>\n<p>Nun ist ein neues historisches Werk erschienen, aus dem Polnischen ins Deutsche \u00fcbersetzt, das eine faszinierende und gro\u00dfartige Darstellung eines immer wieder wenig beachteten und oft unbekannten Weltkriegs bietet: des Krieges in Osteuropa von 1912 bis 1923. In unserer Geschichtserinnerung reduziert sich der Erste Weltkrieg auf den Stellungskrieg und die Materialschlachten in Nordfrankreich. Welche unermesslichen Trag\u00f6dien sich im Osten abspielten, ist aus dem Bewusstsein gestrichen.<br \/>\nDie mit feiner Erz\u00e4hlkunst beschriebenen Schaupl\u00e4tze dieses gro\u00dfen Krieges im Osten reichen vom 1. Balkankrieg 1912 \u00fcber den habsburgischen Teil der Ukraine bis nach Russland Anfang der 20er Jahre. Schon die Aufteilung der beiden B\u00e4nde \u201eImperien 1912-1916\u201c und \u00a0\u201eNationen 1917-1923\u201c ist faszinierend neu. Die Perspektive weitet sich aber noch inhaltlich, denn im ethnisch und religi\u00f6s zerkl\u00fcfteten Osten wurde der Krieg rasch zu einem Rassenkrieg und bildete so den Auftakt zum gr\u00f6\u00dferen Rassenkrieg 20 Jahre sp\u00e4ter.<\/p>\n<p>&nbsp;<\/p>\n<p>Dieses Werk wird nach Ansicht vieler Historiker noch lange gelesen und diskutiert werden, l\u00e4sst es doch verstehen, dass und wie das Erbe dieses \u201evergessenen Weltkriegs\u201c bis in die Probleme und Auseinandersetzungen der Gegenwart reicht.<\/p>\n<p>&nbsp;<\/p>\n<p>&nbsp;<\/p>\n<p>&nbsp;<\/p>\n","protected":false},"excerpt":{"rendered":"<p>&nbsp; &nbsp; &nbsp; Wlodzimierz Borodziej, Maciej Gorny, Der vergessene Weltkrieg. Europas Osten 1912-1923, wbgTheiss 2018, ISBN 978-3-8062-3820-4 &nbsp; In diesem Tagen ist in vielen Veranstaltungen auf hoher Ebene in Europa an die 100. Wiederkehr des Endes des Ersten Weltkrieges erinnert worden.\u00a0 So wie schon damals Helmut Kohl und Francois Mitterand sich auf den ehemaligen Schlachtfeldern &hellip; <a href=\"https:\/\/blog.liesdoch.de\/?p=6828\" class=\"more-link\"><span class=\"screen-reader-text\">Der vergessene Weltkrieg. Europas Osten 1912-1923<\/span> weiterlesen <span class=\"meta-nav\">&rarr;<\/span><\/a><\/p>\n","protected":false},"author":6,"featured_media":0,"comment_status":"closed","ping_status":"open","sticky":false,"template":"","format":"standard","meta":{"footnotes":""},"categories":[1],"tags":[],"class_list":["post-6828","post","type-post","status-publish","format-standard","hentry","category-allgemein"],"_links":{"self":[{"href":"https:\/\/blog.liesdoch.de\/index.php?rest_route=\/wp\/v2\/posts\/6828","targetHints":{"allow":["GET"]}}],"collection":[{"href":"https:\/\/blog.liesdoch.de\/index.php?rest_route=\/wp\/v2\/posts"}],"about":[{"href":"https:\/\/blog.liesdoch.de\/index.php?rest_route=\/wp\/v2\/types\/post"}],"author":[{"embeddable":true,"href":"https:\/\/blog.liesdoch.de\/index.php?rest_route=\/wp\/v2\/users\/6"}],"replies":[{"embeddable":true,"href":"https:\/\/blog.liesdoch.de\/index.php?rest_route=%2Fwp%2Fv2%2Fcomments&post=6828"}],"version-history":[{"count":1,"href":"https:\/\/blog.liesdoch.de\/index.php?rest_route=\/wp\/v2\/posts\/6828\/revisions"}],"predecessor-version":[{"id":6830,"href":"https:\/\/blog.liesdoch.de\/index.php?rest_route=\/wp\/v2\/posts\/6828\/revisions\/6830"}],"wp:attachment":[{"href":"https:\/\/blog.liesdoch.de\/index.php?rest_route=%2Fwp%2Fv2%2Fmedia&parent=6828"}],"wp:term":[{"taxonomy":"category","embeddable":true,"href":"https:\/\/blog.liesdoch.de\/index.php?rest_route=%2Fwp%2Fv2%2Fcategories&post=6828"},{"taxonomy":"post_tag","embeddable":true,"href":"https:\/\/blog.liesdoch.de\/index.php?rest_route=%2Fwp%2Fv2%2Ftags&post=6828"}],"curies":[{"name":"wp","href":"https:\/\/api.w.org\/{rel}","templated":true}]}}