{"id":6885,"date":"2018-11-29T09:17:58","date_gmt":"2018-11-29T07:17:58","guid":{"rendered":"http:\/\/blog.liesdoch.de\/?p=6885"},"modified":"2018-11-29T09:17:58","modified_gmt":"2018-11-29T07:17:58","slug":"von-den-hellen-farben-der-seelen-wie-wir-lernen-aus-uns-selbst-heraus-zu-leben","status":"publish","type":"post","link":"https:\/\/blog.liesdoch.de\/?p=6885","title":{"rendered":"Von den hellen Farben der Seelen. Wie wir lernen, aus uns selbst heraus zu leben"},"content":{"rendered":"<p>&nbsp;<\/p>\n<p><a href=\"http:\/\/blog.liesdoch.de\/wp-content\/uploads\/2018\/11\/52563611n.jpg\"><img loading=\"lazy\" decoding=\"async\" class=\"alignnone size-medium wp-image-6886\" src=\"http:\/\/blog.liesdoch.de\/wp-content\/uploads\/2018\/11\/52563611n-207x300.jpg\" alt=\"\" width=\"207\" height=\"300\" srcset=\"https:\/\/blog.liesdoch.de\/wp-content\/uploads\/2018\/11\/52563611n-207x300.jpg 207w, https:\/\/blog.liesdoch.de\/wp-content\/uploads\/2018\/11\/52563611n.jpg 242w\" sizes=\"auto, (max-width: 207px) 100vw, 207px\" \/><\/a><\/p>\n<p>Uwe B\u00f6schemeyer, Von den hellen Farben der Seelen. Wie wir lernen, aus uns selbst heraus zu leben, Ecowin 2018, ISBN 978-3-7110-0172-6<\/p>\n<p>&nbsp;<\/p>\n<p>&#8222;Im kommenden Jahr werde ich 80. Gut 50 Jahre davon arbeite ich mit Menschen, deren Leben nicht leicht war oder ist. Im letzten Jahr kam ich auf die Idee, meine Erfahrungen in einem Buch zusammenzufassen, nicht trocken, sondern lebendig und farbig wie das Leben selbst. Ich m\u00f6chte die Zeiten meines Lebens veranschaulichen, die Einfluss auf meinen beruflichen Lebensweg genommen und ihn im Besonderen gepr\u00e4gt haben. Vor allem liegt mir daran, Antworten auf brennende Fragen unserer Zeit zu geben. Ich habe sie in einem dritten Weg neben Psychotherapie und Lebens- und Sozialberatung als eigenst\u00e4ndiges System und als logotherapeutisches Pr\u00e4ventionskonzept beschrieben.&#8220;<\/p>\n<p>&nbsp;<\/p>\n<p>Uwe B\u00f6schemeyer ist neben seiner vielf\u00e4ltigen T\u00e4tigkeit als Therapeut und Vortragsredner auch ein unerm\u00fcdlicher Produzent von B\u00fcchern, mit denen er Menschen, die sich von sich selbst entfremdet haben und in ihrem Leben kein Gl\u00fcck erfahren,\u00a0 helfen m\u00f6chte, zur Erkenntnis ihrer selbst zu kommen und die schwierige, aber auch freudvolle Ver\u00e4nderungsarbeit am eigenen Selbst zu wagen.<\/p>\n<p>Sehr h\u00e4ufig werden in der Therapie und in diversen Ratgebern jene dunklen Farben der Seele thematisiert, die unsere innere Realit\u00e4t verdunkeln und unser Leben und unsere Lebensfreude hindern an ihrer vollen Entfaltung.\u00a0 In ausdr\u00fccklicher Anerkennung dieser dunklen Nachtseite des Lebens, widmet sich B\u00f6schemeyer aber in seinem neuen Buch den \u201ehellen Farben der Seele\u201c. Er m\u00f6chte \u201ein einer Zeit, in der die Angst zum lebensbestimmenden Gef\u00fchl geworden ist\u201c etwas entgegensetzen. Denn sie sei nur deshalb so gro\u00df, sagt er, weil der Mangel an Sinn so gro\u00df sei: \u201eDer Mangel an Sinn ist so gro\u00df, weil der Halt im Leben so gering ist. Der Halt im Leben ist so gering, weil die Suche nach Sinn so schwierig geworden ist.\u201c<\/p>\n<p>&nbsp;<\/p>\n<p>Er setzt dieser Entwicklung etwas entgegen, was er die \u201ehellen Farben der Seele\u201c nennt. Gemeint sind damit Werte wie Freiheit, Verantwortung, Liebe, Mut, Hoffnung, Kreativit\u00e4t, Spiritualit\u00e4t, all das, was Sinn vermittelt, Freude am Leben macht und uns voller Hoffnung auch angesichts des Todes leben l\u00e4sst. Er erz\u00e4hlt davon, indem er wie nebenbei auch sein eigenes Leben und seine beruflichen Stationen (er war viele Jahre ev. Pfarrer!) reflektiert, erz\u00e4hlt von seinen Erfahrungen und seinen Entwicklungen.<\/p>\n<p>Jeder Mensch tr\u00e4gt das Licht des Lebens in sich, davon ist er \u00fcberzeugt, eine alte Weisheit des Christentums. Es kommt nur darauf an, es wiederzufinden, denn wir haben es so oft verloren, was wiederum unser Leben so dunkel macht. Der abstumpfende Alltag und das Streben nach Materiellem hindern es am Leuchten und unsere Seele an ihrer Entwicklung.<\/p>\n<p>Die einzelnen Kapitel des Buches erz\u00e4hlen von dieser Wiederentdeckung, davon \u201ewie wir lernen, aus uns selbst heraus zu leben\u201c:<\/p>\n<p>&nbsp;<\/p>\n<p>&nbsp;<\/p>\n<ul>\n<li>Pr\u00e4gungen &#8211; Wie ich wurde, was ich beruflich bin<\/li>\n<li>Was sind Werte?<\/li>\n<li>Die Macht der Gedanken<\/li>\n<li>Die neun Gesichter der Seele (vgl. sein Buch \u00fcber das Enneagramm \u201eDu bist viel mehr\u201c (2010)<\/li>\n<li>Wege zur Vers\u00f6hnung, mit sich und mit anderen.<\/li>\n<\/ul>\n<p>&nbsp;<\/p>\n<p>Das Buch ist verst\u00e4ndlich geschrieben. Wer andere B\u00fccher von Uwe B\u00f6schemeyer kennt, wird vieles Bekanntes darin finden, hier ist es aber wie in einer Lebenssumma noch einmal zusammengestellt.<\/p>\n<p>&nbsp;<\/p>\n<p>Ich kann es allen Menschen f\u00fcr eine aufrichtige und selbsterkennende Suche nur empfehlen.<\/p>\n","protected":false},"excerpt":{"rendered":"<p>&nbsp; Uwe B\u00f6schemeyer, Von den hellen Farben der Seelen. Wie wir lernen, aus uns selbst heraus zu leben, Ecowin 2018, ISBN 978-3-7110-0172-6 &nbsp; &#8222;Im kommenden Jahr werde ich 80. Gut 50 Jahre davon arbeite ich mit Menschen, deren Leben nicht leicht war oder ist. Im letzten Jahr kam ich auf die Idee, meine Erfahrungen in &hellip; <a href=\"https:\/\/blog.liesdoch.de\/?p=6885\" class=\"more-link\"><span class=\"screen-reader-text\">Von den hellen Farben der Seelen. Wie wir lernen, aus uns selbst heraus zu leben<\/span> weiterlesen <span class=\"meta-nav\">&rarr;<\/span><\/a><\/p>\n","protected":false},"author":6,"featured_media":0,"comment_status":"closed","ping_status":"open","sticky":false,"template":"","format":"standard","meta":{"footnotes":""},"categories":[1],"tags":[],"class_list":["post-6885","post","type-post","status-publish","format-standard","hentry","category-allgemein"],"_links":{"self":[{"href":"https:\/\/blog.liesdoch.de\/index.php?rest_route=\/wp\/v2\/posts\/6885","targetHints":{"allow":["GET"]}}],"collection":[{"href":"https:\/\/blog.liesdoch.de\/index.php?rest_route=\/wp\/v2\/posts"}],"about":[{"href":"https:\/\/blog.liesdoch.de\/index.php?rest_route=\/wp\/v2\/types\/post"}],"author":[{"embeddable":true,"href":"https:\/\/blog.liesdoch.de\/index.php?rest_route=\/wp\/v2\/users\/6"}],"replies":[{"embeddable":true,"href":"https:\/\/blog.liesdoch.de\/index.php?rest_route=%2Fwp%2Fv2%2Fcomments&post=6885"}],"version-history":[{"count":1,"href":"https:\/\/blog.liesdoch.de\/index.php?rest_route=\/wp\/v2\/posts\/6885\/revisions"}],"predecessor-version":[{"id":6887,"href":"https:\/\/blog.liesdoch.de\/index.php?rest_route=\/wp\/v2\/posts\/6885\/revisions\/6887"}],"wp:attachment":[{"href":"https:\/\/blog.liesdoch.de\/index.php?rest_route=%2Fwp%2Fv2%2Fmedia&parent=6885"}],"wp:term":[{"taxonomy":"category","embeddable":true,"href":"https:\/\/blog.liesdoch.de\/index.php?rest_route=%2Fwp%2Fv2%2Fcategories&post=6885"},{"taxonomy":"post_tag","embeddable":true,"href":"https:\/\/blog.liesdoch.de\/index.php?rest_route=%2Fwp%2Fv2%2Ftags&post=6885"}],"curies":[{"name":"wp","href":"https:\/\/api.w.org\/{rel}","templated":true}]}}