{"id":6891,"date":"2018-11-29T09:19:11","date_gmt":"2018-11-29T07:19:11","guid":{"rendered":"http:\/\/blog.liesdoch.de\/?p=6891"},"modified":"2018-11-29T09:19:11","modified_gmt":"2018-11-29T07:19:11","slug":"mein-papa-und-ich","status":"publish","type":"post","link":"https:\/\/blog.liesdoch.de\/?p=6891","title":{"rendered":"Mein Papa und ich"},"content":{"rendered":"<p>&nbsp;<\/p>\n<p>&nbsp;<\/p>\n<p>&nbsp;<\/p>\n<p><a href=\"http:\/\/blog.liesdoch.de\/wp-content\/uploads\/2018\/11\/52399835n.jpg\"><img loading=\"lazy\" decoding=\"async\" class=\"alignnone size-medium wp-image-6892\" src=\"http:\/\/blog.liesdoch.de\/wp-content\/uploads\/2018\/11\/52399835n-240x300.jpg\" alt=\"\" width=\"240\" height=\"300\" srcset=\"https:\/\/blog.liesdoch.de\/wp-content\/uploads\/2018\/11\/52399835n-240x300.jpg 240w, https:\/\/blog.liesdoch.de\/wp-content\/uploads\/2018\/11\/52399835n.jpg 242w\" sizes=\"auto, (max-width: 240px) 100vw, 240px\" \/><\/a><\/p>\n<p>Ulf Nilsson, Heike Herold, Mein Papa und ich, Moritz Verlag 2018, ISBN 978-3-89565-362-9<\/p>\n<p>&nbsp;<\/p>\n<p>Der bekannte Kinder- und Jugendbuchautor Ulf Nilsson hat ein kleines Buch geschrieben, in dem er in acht kurzen Vorlesegeschichten vom Alltag der vierj\u00e4hrigen Maja mit ihrem Papa erz\u00e4hlt. Die freiberufliche Grafikerin Heike Herold hat das Buch mit zarten und witzigen Bildern trefflich illustriert.<\/p>\n<p>&nbsp;<\/p>\n<p>In der ersten Geschichte f\u00fchrt Majas Papa sie ausgestattet mit einer leistungsf\u00e4higen Taschenlampe in den Keller ihres Hauses, weil sie Klas Andersson aus der Weihnachtskiste holen wollen.<\/p>\n<p>&nbsp;<\/p>\n<p>Wir merken, wir befinden uns in der Vorweihnachtszeit im Advent. Folgerichtig gehen die beiden in der n\u00e4chsten Geschichte zu einem gro\u00dfen Platz in der Stadt, wo sie einen Tannenbaum kaufen. Wie schon nach der ersten Geschichte und dann auch nach allen folgenden fasst Maja das gerade Erlebte in einem kleinen Gedicht zusammen. Sie alle beginnen mit der gleichen ersten Zeile:<\/p>\n<p>\u201ePapa und ich, Papa und ich,<\/p>\n<p>wir kauften eine Tanne,<\/p>\n<p>so lang wie unsere Badewanne,<\/p>\n<p>und obendrauf kommt eine \u2013 Kaffeekanne.\u201c<\/p>\n<p>&nbsp;<\/p>\n<p>Auch hier sieht man, was die folgenden Geschichten noch mehrmals unter Beweis stellen werden, Maja und ihr Papa verstehen sich nicht nur gut, sondern der Papa ist einer, der auch mal zu ungew\u00f6hnlichen Sachen, wie sie Kinder m\u00f6gen, aufgelegt ist.<\/p>\n<p>&nbsp;<\/p>\n<p>Der Vater Majas ist ein geduldiger, liebevoller Lebensbegleiter seiner Tochter, der voller Interesse die neugierige Welterkundung seiner Tochter verfolgt und unterst\u00fctzt. Auch vor gr\u00f6\u00dferen Herausforderungen, von denen manchen Geschichten erz\u00e4hlen, l\u00e4sst er sich nicht irre machen.<\/p>\n<p>&nbsp;<\/p>\n<p>Das sind auch sprachlich ansprechende Vorlesegeschichten f\u00fcr muntere Kindergartenkinder und agile M\u00e4dchenv\u00e4ter.<\/p>\n<p>&nbsp;<\/p>\n<p>&nbsp;<\/p>\n<p>&nbsp;<\/p>\n<p>&nbsp;<\/p>\n<p>&nbsp;<\/p>\n","protected":false},"excerpt":{"rendered":"<p>&nbsp; &nbsp; &nbsp; Ulf Nilsson, Heike Herold, Mein Papa und ich, Moritz Verlag 2018, ISBN 978-3-89565-362-9 &nbsp; Der bekannte Kinder- und Jugendbuchautor Ulf Nilsson hat ein kleines Buch geschrieben, in dem er in acht kurzen Vorlesegeschichten vom Alltag der vierj\u00e4hrigen Maja mit ihrem Papa erz\u00e4hlt. Die freiberufliche Grafikerin Heike Herold hat das Buch mit zarten &hellip; <a href=\"https:\/\/blog.liesdoch.de\/?p=6891\" class=\"more-link\"><span class=\"screen-reader-text\">Mein Papa und ich<\/span> weiterlesen <span class=\"meta-nav\">&rarr;<\/span><\/a><\/p>\n","protected":false},"author":6,"featured_media":0,"comment_status":"closed","ping_status":"open","sticky":false,"template":"","format":"standard","meta":{"footnotes":""},"categories":[1],"tags":[],"class_list":["post-6891","post","type-post","status-publish","format-standard","hentry","category-allgemein"],"_links":{"self":[{"href":"https:\/\/blog.liesdoch.de\/index.php?rest_route=\/wp\/v2\/posts\/6891","targetHints":{"allow":["GET"]}}],"collection":[{"href":"https:\/\/blog.liesdoch.de\/index.php?rest_route=\/wp\/v2\/posts"}],"about":[{"href":"https:\/\/blog.liesdoch.de\/index.php?rest_route=\/wp\/v2\/types\/post"}],"author":[{"embeddable":true,"href":"https:\/\/blog.liesdoch.de\/index.php?rest_route=\/wp\/v2\/users\/6"}],"replies":[{"embeddable":true,"href":"https:\/\/blog.liesdoch.de\/index.php?rest_route=%2Fwp%2Fv2%2Fcomments&post=6891"}],"version-history":[{"count":1,"href":"https:\/\/blog.liesdoch.de\/index.php?rest_route=\/wp\/v2\/posts\/6891\/revisions"}],"predecessor-version":[{"id":6893,"href":"https:\/\/blog.liesdoch.de\/index.php?rest_route=\/wp\/v2\/posts\/6891\/revisions\/6893"}],"wp:attachment":[{"href":"https:\/\/blog.liesdoch.de\/index.php?rest_route=%2Fwp%2Fv2%2Fmedia&parent=6891"}],"wp:term":[{"taxonomy":"category","embeddable":true,"href":"https:\/\/blog.liesdoch.de\/index.php?rest_route=%2Fwp%2Fv2%2Fcategories&post=6891"},{"taxonomy":"post_tag","embeddable":true,"href":"https:\/\/blog.liesdoch.de\/index.php?rest_route=%2Fwp%2Fv2%2Ftags&post=6891"}],"curies":[{"name":"wp","href":"https:\/\/api.w.org\/{rel}","templated":true}]}}