{"id":6934,"date":"2018-12-13T13:35:41","date_gmt":"2018-12-13T11:35:41","guid":{"rendered":"http:\/\/blog.liesdoch.de\/?p=6934"},"modified":"2018-12-13T13:35:41","modified_gmt":"2018-12-13T11:35:41","slug":"hier-bin-ich-mensch-hier-darf-ich-sein-was-heimat-wirklich-ausmacht","status":"publish","type":"post","link":"https:\/\/blog.liesdoch.de\/?p=6934","title":{"rendered":"Hier bin ich Mensch, hier darf ich sein. Was Heimat wirklich ausmacht"},"content":{"rendered":"<p>&nbsp;<\/p>\n<p>&nbsp;<\/p>\n<p>&nbsp;<\/p>\n<p>&nbsp;<\/p>\n<p><a href=\"http:\/\/blog.liesdoch.de\/wp-content\/uploads\/2018\/12\/52241686n.jpg\"><img loading=\"lazy\" decoding=\"async\" class=\"alignnone size-medium wp-image-6935\" src=\"http:\/\/blog.liesdoch.de\/wp-content\/uploads\/2018\/12\/52241686n-193x300.jpg\" alt=\"\" width=\"193\" height=\"300\" srcset=\"https:\/\/blog.liesdoch.de\/wp-content\/uploads\/2018\/12\/52241686n-193x300.jpg 193w, https:\/\/blog.liesdoch.de\/wp-content\/uploads\/2018\/12\/52241686n.jpg 242w\" sizes=\"auto, (max-width: 193px) 100vw, 193px\" \/><\/a><\/p>\n<p>Notker Wolf, Hier bin ich Mensch, hier darf ich sein. Was Heimat wirklich ausmacht, Bene Verlag 2018, ISBN 978-3-96340-007-0<\/p>\n<p>&nbsp;<\/p>\n<p>Ein sehr pers\u00f6nliches Buch, geschrieben fast wie ein Lebensverm\u00e4chtnis, legt der vielgereiste ehemalige Abtprimas Notker Wolf hier im neuen Bene-Verlag der Droemer Gruppe vor.<\/p>\n<p>&nbsp;<\/p>\n<p>Durch seine vielen Reisen rund um die Welt wei\u00df Notker Wolf sehr genau, wie es sich anf\u00fchlt, fremd und auf die Hilfe anderer angewiesen zu sein. Geboren in einem kleinen Ort im Allg\u00e4u hat er in seinem langen Leben nicht nur viel Fremdes erfahren, sondern auch immer wieder die Hoffnung wachsen sp\u00fcren, die er so beschreibt:<\/p>\n<p>\u201eIch habe Hoffnung f\u00fcr diese Welt, weil ich wei\u00df, wo ich hingeh\u00f6re und dass es den einen gibt, der alles in seinen H\u00e4nden tr\u00e4gt, auch wenn wir ihn nicht sehen k\u00f6nnen.\u201c<\/p>\n<p>&nbsp;<\/p>\n<p>Wissen wo man hingeh\u00f6rt. Was ist das, Heimat? Was macht sie aus? \u00a0F\u00fchlen wir uns dort heimisch, wo wir eine gemeinsame Sprache sprechen? Notker Wolf definiert f\u00fcr sich selbst: &#8222;Heimat \u2013 das sind f\u00fcr mich vor allem die Menschen, mit denen ich sie teile&#8220;.<\/p>\n<p>&nbsp;<\/p>\n<p>In seinem pers\u00f6nlich gehaltenen und\u00a0 lesenswerten Buch diskutiert er den Heimatbegriff aus verschiedenen Perspektiven und stellt auch die Frage nach einer immer wieder behaupteten typisch deutschen Kultur. Denn diese ist f\u00fcr ihn der Schl\u00fcssel im Umgang mit dem Fremden, von dem wir uns nicht abschotten k\u00f6nnen.<br \/>\nNicht zuletzt wegen seiner gro\u00dfen Erfahrungen, die er selbst in der Fremde gemacht hat, hat er einen besonderen Blick auf die Menschen, die als Gefl\u00fcchtete und Migranten zu uns nach Deutschland kommen. F\u00fcr ihn steht als Christ zweifelsfrei fest, dass wir uns in Deutschland nicht abschotten k\u00f6nnen. L\u00e4ngst seien wir ein Land der vielen Kulturen geworden, sagt er, ein Land, in dem wir alle miteinander nach Wegen suchen m\u00fcssen, um ein friedliches Zusammenleben zu gestalten. Sozusagen gemeinsam Heimat zu begr\u00fcnden und sp\u00fcrbar werden zu lassen. Doch f\u00fcr ihn ist ebenso zweifelsfrei klar, dass es f\u00fcr dieses Miteinander Grenzen gibt. Wer sie \u00fcberschreitet, wer sich weigert, sie anzuerkennen und zu achten, der \u201emuss dahin zur\u00fcck, woher er kommt\u201c.<\/p>\n<p>Wo und warum f\u00fchlen wir uns geborgen und in unserem eigenen Leben zu Hause? Wie kann mit Blick auf die aktuellen Herausforderungen ein gutes Leben gelingen?<\/p>\n<p>&nbsp;<\/p>\n<p>Indem Notker Wolf diesen Fragen sehr verst\u00e4ndlich nachgeht, l\u00e4dt er seine Leser ein, ihm auf seine Erkundungsreise zum Thema Heimat zu folgen und nachzudenken dar\u00fcber, wo genau seine Heimat ist und wer unverzichtbar dazugeh\u00f6rt. Mit Sicherheit wird man f\u00fcndig werden.<\/p>\n<p>&nbsp;<\/p>\n<p>Ein empfehlenswertes, auf dem pers\u00f6nlichen Hintergrund des eigenen\u00a0 christlichen Glaubens geschriebenes Buch.<\/p>\n<p>&nbsp;<\/p>\n<p>&nbsp;<\/p>\n<p>&nbsp;<\/p>\n<p>&nbsp;<\/p>\n","protected":false},"excerpt":{"rendered":"<p>&nbsp; &nbsp; &nbsp; &nbsp; Notker Wolf, Hier bin ich Mensch, hier darf ich sein. Was Heimat wirklich ausmacht, Bene Verlag 2018, ISBN 978-3-96340-007-0 &nbsp; Ein sehr pers\u00f6nliches Buch, geschrieben fast wie ein Lebensverm\u00e4chtnis, legt der vielgereiste ehemalige Abtprimas Notker Wolf hier im neuen Bene-Verlag der Droemer Gruppe vor. &nbsp; Durch seine vielen Reisen rund um &hellip; <a href=\"https:\/\/blog.liesdoch.de\/?p=6934\" class=\"more-link\"><span class=\"screen-reader-text\">Hier bin ich Mensch, hier darf ich sein. Was Heimat wirklich ausmacht<\/span> weiterlesen <span class=\"meta-nav\">&rarr;<\/span><\/a><\/p>\n","protected":false},"author":6,"featured_media":0,"comment_status":"closed","ping_status":"open","sticky":false,"template":"","format":"standard","meta":{"footnotes":""},"categories":[1],"tags":[],"class_list":["post-6934","post","type-post","status-publish","format-standard","hentry","category-allgemein"],"_links":{"self":[{"href":"https:\/\/blog.liesdoch.de\/index.php?rest_route=\/wp\/v2\/posts\/6934","targetHints":{"allow":["GET"]}}],"collection":[{"href":"https:\/\/blog.liesdoch.de\/index.php?rest_route=\/wp\/v2\/posts"}],"about":[{"href":"https:\/\/blog.liesdoch.de\/index.php?rest_route=\/wp\/v2\/types\/post"}],"author":[{"embeddable":true,"href":"https:\/\/blog.liesdoch.de\/index.php?rest_route=\/wp\/v2\/users\/6"}],"replies":[{"embeddable":true,"href":"https:\/\/blog.liesdoch.de\/index.php?rest_route=%2Fwp%2Fv2%2Fcomments&post=6934"}],"version-history":[{"count":1,"href":"https:\/\/blog.liesdoch.de\/index.php?rest_route=\/wp\/v2\/posts\/6934\/revisions"}],"predecessor-version":[{"id":6936,"href":"https:\/\/blog.liesdoch.de\/index.php?rest_route=\/wp\/v2\/posts\/6934\/revisions\/6936"}],"wp:attachment":[{"href":"https:\/\/blog.liesdoch.de\/index.php?rest_route=%2Fwp%2Fv2%2Fmedia&parent=6934"}],"wp:term":[{"taxonomy":"category","embeddable":true,"href":"https:\/\/blog.liesdoch.de\/index.php?rest_route=%2Fwp%2Fv2%2Fcategories&post=6934"},{"taxonomy":"post_tag","embeddable":true,"href":"https:\/\/blog.liesdoch.de\/index.php?rest_route=%2Fwp%2Fv2%2Ftags&post=6934"}],"curies":[{"name":"wp","href":"https:\/\/api.w.org\/{rel}","templated":true}]}}