{"id":6946,"date":"2018-12-13T13:38:08","date_gmt":"2018-12-13T11:38:08","guid":{"rendered":"http:\/\/blog.liesdoch.de\/?p=6946"},"modified":"2018-12-13T13:38:08","modified_gmt":"2018-12-13T11:38:08","slug":"heja-borussia-dortmund-in-bildern","status":"publish","type":"post","link":"https:\/\/blog.liesdoch.de\/?p=6946","title":{"rendered":"Heja. Borussia Dortmund in Bildern"},"content":{"rendered":"<p>&nbsp;<\/p>\n<p>&nbsp;<\/p>\n<p>&nbsp;<\/p>\n<p><a href=\"http:\/\/blog.liesdoch.de\/wp-content\/uploads\/2018\/12\/48191582n.jpg\"><img loading=\"lazy\" decoding=\"async\" class=\"alignnone size-medium wp-image-6947\" src=\"http:\/\/blog.liesdoch.de\/wp-content\/uploads\/2018\/12\/48191582n-225x300.jpg\" alt=\"\" width=\"225\" height=\"300\" srcset=\"https:\/\/blog.liesdoch.de\/wp-content\/uploads\/2018\/12\/48191582n-225x300.jpg 225w, https:\/\/blog.liesdoch.de\/wp-content\/uploads\/2018\/12\/48191582n.jpg 242w\" sizes=\"auto, (max-width: 225px) 100vw, 225px\" \/><\/a><\/p>\n<p>Gregor Schnittker, Heja. Borussia Dortmund in Bildern, Verlag Die Werkstatt 2018, ISBN 978-3-7307-0343-4<\/p>\n<p>&nbsp;<\/p>\n<p>&nbsp;<\/p>\n<p>Borussia Dortmund hat eine lange Geschichte. Als ich selbst mit 10 Jahren 1964 begann Fu\u00dfball zu spielen und schnell die Rolle des Torwarts w\u00e4hlte, schon da waren Hans Tilkowski, Siggi Held und Lothar Emmerich meine Idole. Obwohl meine Fu\u00dfballbegeisterung in sp\u00e4teren Jahren etwas nachgelassen hat, ist und bleibt Borussia Dortmund so etwas wie mein Verein, obwohl ich in der N\u00e4he Frankfurts und Darmstadts lebe.<\/p>\n<p>&nbsp;<\/p>\n<p>Deshalb habe ich auch mit gro\u00dfem Interesse den vorliegenden gro\u00dfz\u00fcgig gestalteten Bildband von Gregor Schnitker angeschaut. In sechszehn Kapiteln mit jeweils kurzen Texten erz\u00e4hlen die ausgew\u00e4hlten Bilder von der bewegten Geschichte eines begeisternden Vereins. Die meisten Bilder stammen aus der j\u00fcngsten Vergangenheit und wollen wohl die aktuellen Fans ansprechen.<\/p>\n<p>&nbsp;<\/p>\n<p>Wer eine richtige Vereinschronik des Vereins sucht, sollte zu diesem Buch nicht greifen. Wer aber sich von wunderbaren Bildern anstecken lassen will von einer Begeisterung, die der Verein gerade wieder national und international hervorruft, der legt mit diesem Bildband absolut richtig.<\/p>\n","protected":false},"excerpt":{"rendered":"<p>&nbsp; &nbsp; &nbsp; Gregor Schnittker, Heja. Borussia Dortmund in Bildern, Verlag Die Werkstatt 2018, ISBN 978-3-7307-0343-4 &nbsp; &nbsp; Borussia Dortmund hat eine lange Geschichte. Als ich selbst mit 10 Jahren 1964 begann Fu\u00dfball zu spielen und schnell die Rolle des Torwarts w\u00e4hlte, schon da waren Hans Tilkowski, Siggi Held und Lothar Emmerich meine Idole. Obwohl &hellip; <a href=\"https:\/\/blog.liesdoch.de\/?p=6946\" class=\"more-link\"><span class=\"screen-reader-text\">Heja. Borussia Dortmund in Bildern<\/span> weiterlesen <span class=\"meta-nav\">&rarr;<\/span><\/a><\/p>\n","protected":false},"author":6,"featured_media":0,"comment_status":"closed","ping_status":"open","sticky":false,"template":"","format":"standard","meta":{"footnotes":""},"categories":[1],"tags":[],"class_list":["post-6946","post","type-post","status-publish","format-standard","hentry","category-allgemein"],"_links":{"self":[{"href":"https:\/\/blog.liesdoch.de\/index.php?rest_route=\/wp\/v2\/posts\/6946","targetHints":{"allow":["GET"]}}],"collection":[{"href":"https:\/\/blog.liesdoch.de\/index.php?rest_route=\/wp\/v2\/posts"}],"about":[{"href":"https:\/\/blog.liesdoch.de\/index.php?rest_route=\/wp\/v2\/types\/post"}],"author":[{"embeddable":true,"href":"https:\/\/blog.liesdoch.de\/index.php?rest_route=\/wp\/v2\/users\/6"}],"replies":[{"embeddable":true,"href":"https:\/\/blog.liesdoch.de\/index.php?rest_route=%2Fwp%2Fv2%2Fcomments&post=6946"}],"version-history":[{"count":1,"href":"https:\/\/blog.liesdoch.de\/index.php?rest_route=\/wp\/v2\/posts\/6946\/revisions"}],"predecessor-version":[{"id":6948,"href":"https:\/\/blog.liesdoch.de\/index.php?rest_route=\/wp\/v2\/posts\/6946\/revisions\/6948"}],"wp:attachment":[{"href":"https:\/\/blog.liesdoch.de\/index.php?rest_route=%2Fwp%2Fv2%2Fmedia&parent=6946"}],"wp:term":[{"taxonomy":"category","embeddable":true,"href":"https:\/\/blog.liesdoch.de\/index.php?rest_route=%2Fwp%2Fv2%2Fcategories&post=6946"},{"taxonomy":"post_tag","embeddable":true,"href":"https:\/\/blog.liesdoch.de\/index.php?rest_route=%2Fwp%2Fv2%2Ftags&post=6946"}],"curies":[{"name":"wp","href":"https:\/\/api.w.org\/{rel}","templated":true}]}}