{"id":6953,"date":"2018-12-19T09:04:05","date_gmt":"2018-12-19T07:04:05","guid":{"rendered":"http:\/\/blog.liesdoch.de\/?p=6953"},"modified":"2018-12-19T09:04:05","modified_gmt":"2018-12-19T07:04:05","slug":"das-war-der-gipfel-die-proteste-gegen-g-20-in-hamburg","status":"publish","type":"post","link":"https:\/\/blog.liesdoch.de\/?p=6953","title":{"rendered":"Das war der Gipfel. Die Proteste gegen G 20 in Hamburg"},"content":{"rendered":"<p>&nbsp;<\/p>\n<p>&nbsp;<\/p>\n<p>&nbsp;<\/p>\n<p>&nbsp;<\/p>\n<p><a href=\"http:\/\/blog.liesdoch.de\/wp-content\/uploads\/2018\/12\/49033483n.jpg\"><img loading=\"lazy\" decoding=\"async\" class=\"alignnone size-full wp-image-6954\" src=\"http:\/\/blog.liesdoch.de\/wp-content\/uploads\/2018\/12\/49033483n.jpg\" alt=\"\" width=\"242\" height=\"242\" srcset=\"https:\/\/blog.liesdoch.de\/wp-content\/uploads\/2018\/12\/49033483n.jpg 242w, https:\/\/blog.liesdoch.de\/wp-content\/uploads\/2018\/12\/49033483n-150x150.jpg 150w\" sizes=\"auto, (max-width: 242px) 100vw, 242px\" \/><\/a><\/p>\n<p>GoGoGo (Hg.), Das war der Gipfel. Die Proteste gegen G 20 in Hamburg, Hamburg 2\u00df018, ISBN 978-3-86241-461-1<\/p>\n<p>&nbsp;<\/p>\n<p>Dies ist die Chronik der dramatischen Tage im Sommer 2017 in Hamburg, als vor und w\u00e4hrend des G 20 Gipfeltreffens der gr\u00f6\u00dfte Polizeieinsatz der Stadtgeschichte auf den vielf\u00e4ltigen, lauten und entschlossenen Protest von Aktivisten aus aller Welt traf.<\/p>\n<p>&nbsp;<\/p>\n<p>Geschrieben haben die Texte die Aktivistinnen und Aktivsten der Proteste selbst. W\u00e4hrend damals im Zuge der \u00f6ffentlichen Berichterstattung die vielf\u00e4ltigen Motive der Proteste eher unterbelichtet waren, wird dem kritischen Beobachter nach der Lekt\u00fcre des Buches und dem Betrachten der unz\u00e4hligen von einer regelrechten Widerstands\u00e4sthetik gepr\u00e4gten Fotos viel klarer, worum es den meisten dieser meist jungen Menschen ging.<\/p>\n<p>&nbsp;<\/p>\n<p>Auf der anderen Seite finden sich in dem Buch bis auf eine Ausnahme keine Bilder der brennenden Barrikaden oder der Menschen, die marodierend durch die Stadt zogen und unz\u00e4hlige Gesch\u00e4fte pl\u00fcnderten und zerst\u00f6rten. Die Medien haben das damals besonders hervorgehoben und die Ausw\u00fcchse f\u00fcr den ganzen Protest gehalten. Dass allerdings in diesem Buch keinerlei kritische Reflexion der Gewalt auf Seiten des Protestes zu finden ist, hat mir nicht gefallen.<\/p>\n","protected":false},"excerpt":{"rendered":"<p>&nbsp; &nbsp; &nbsp; &nbsp; GoGoGo (Hg.), Das war der Gipfel. Die Proteste gegen G 20 in Hamburg, Hamburg 2\u00df018, ISBN 978-3-86241-461-1 &nbsp; Dies ist die Chronik der dramatischen Tage im Sommer 2017 in Hamburg, als vor und w\u00e4hrend des G 20 Gipfeltreffens der gr\u00f6\u00dfte Polizeieinsatz der Stadtgeschichte auf den vielf\u00e4ltigen, lauten und entschlossenen Protest von &hellip; <a href=\"https:\/\/blog.liesdoch.de\/?p=6953\" class=\"more-link\"><span class=\"screen-reader-text\">Das war der Gipfel. Die Proteste gegen G 20 in Hamburg<\/span> weiterlesen <span class=\"meta-nav\">&rarr;<\/span><\/a><\/p>\n","protected":false},"author":6,"featured_media":0,"comment_status":"closed","ping_status":"open","sticky":false,"template":"","format":"standard","meta":{"footnotes":""},"categories":[1],"tags":[],"class_list":["post-6953","post","type-post","status-publish","format-standard","hentry","category-allgemein"],"_links":{"self":[{"href":"https:\/\/blog.liesdoch.de\/index.php?rest_route=\/wp\/v2\/posts\/6953","targetHints":{"allow":["GET"]}}],"collection":[{"href":"https:\/\/blog.liesdoch.de\/index.php?rest_route=\/wp\/v2\/posts"}],"about":[{"href":"https:\/\/blog.liesdoch.de\/index.php?rest_route=\/wp\/v2\/types\/post"}],"author":[{"embeddable":true,"href":"https:\/\/blog.liesdoch.de\/index.php?rest_route=\/wp\/v2\/users\/6"}],"replies":[{"embeddable":true,"href":"https:\/\/blog.liesdoch.de\/index.php?rest_route=%2Fwp%2Fv2%2Fcomments&post=6953"}],"version-history":[{"count":1,"href":"https:\/\/blog.liesdoch.de\/index.php?rest_route=\/wp\/v2\/posts\/6953\/revisions"}],"predecessor-version":[{"id":6955,"href":"https:\/\/blog.liesdoch.de\/index.php?rest_route=\/wp\/v2\/posts\/6953\/revisions\/6955"}],"wp:attachment":[{"href":"https:\/\/blog.liesdoch.de\/index.php?rest_route=%2Fwp%2Fv2%2Fmedia&parent=6953"}],"wp:term":[{"taxonomy":"category","embeddable":true,"href":"https:\/\/blog.liesdoch.de\/index.php?rest_route=%2Fwp%2Fv2%2Fcategories&post=6953"},{"taxonomy":"post_tag","embeddable":true,"href":"https:\/\/blog.liesdoch.de\/index.php?rest_route=%2Fwp%2Fv2%2Ftags&post=6953"}],"curies":[{"name":"wp","href":"https:\/\/api.w.org\/{rel}","templated":true}]}}